{"id":8336,"date":"2022-09-08T08:00:00","date_gmt":"2022-09-08T14:00:00","guid":{"rendered":"https:\/\/www.4plcr.net\/?p=8336"},"modified":"2022-09-08T08:00:00","modified_gmt":"2022-09-08T14:00:00","slug":"el-efecto-del-transporte-multimodal-para-la-logistica-en-centroamerica","status":"publish","type":"post","link":"https:\/\/www.4plcr.net\/en\/el-efecto-del-transporte-multimodal-para-la-logistica-en-centroamerica\/","title":{"rendered":"El efecto del transporte multimodal para la log\u00edstica en Centroam\u00e9rica"},"content":{"rendered":"<p>La regi\u00f3n dispone de limitados estudios sobre la contribuci\u00f3n del transporte multimodal. Sin embargo, no existe duda alguna que este tipo de transporte es fundamental para la log\u00edstica en Centroam\u00e9rica en cuanto permite la aceleraci\u00f3n del comercio y la diversificaci\u00f3n geogr\u00e1fica.<\/p>\n\n\n\n<p>Adem\u00e1s, es la forma m\u00e1s eficiente para llevar a cabo el env\u00edo de ciertos materiales, insumos o productos de forma r\u00e1pida y eficaz. Esto a pesar de la necesidad que tiene la regi\u00f3n en cuanto infraestructura y pol\u00edticas que faciliten la log\u00edstica.<\/p>\n\n\n\n<p>Ahora bien, si se piensa en los efectos que tiene el uso del transporte multimodal, podemos destacar los siguientes:<\/p>\n\n\n\n<ul class=\"wp-block-list\"><li>Genera una red articulada de infraestructura log\u00edstica.<\/li><li>Genera cadenas de valor regional altamente productivas.<\/li><li>Reduce costos y tiempos log\u00edsticos.<\/li><li>Potencia la integraci\u00f3n regional, productividad y competitividad.<\/li><li>Asegura un sistema inteligente de movilidad de mercanc\u00edas y de personas que garantiza accesibilidad, comodidad, confiabilidad y seguridad.<\/li><\/ul>\n\n\n\n<p>Se sabe del impacto que tiene en la regi\u00f3n, pero \u00bfqu\u00e9 tan importante es? El efecto que produce el transporte multimodal a nivel empresarial es altamente positivo para la log\u00edstica en Centroam\u00e9rica en muchos aspectos:<\/p>\n\n\n\n<ul class=\"wp-block-list\"><li>Gesti\u00f3n: los diferentes veh\u00edculos y medios de transporte se encuentran mejor gestionados.<\/li><li>Plazos de transporte: se reducen al ser posible elegir la combinaci\u00f3n de transportes que sea m\u00e1s r\u00e1pida.<\/li><li>Costes de transporte: se reducen los costos totales de env\u00edo y tambi\u00e9n los costos de control de la mercanc\u00eda. Asimismo, minimiza gastos de coordinaci\u00f3n y comunicaci\u00f3n entre transportista y cliente.<\/li><li>Tiempos de carga y descarga: disminuyen debido a que las mercanc\u00edas se agrupan en unidades de carga multimodal.<\/li><li>Control: facilita el rastreo de la carga al necesitar una sola interfaz de seguimiento.<\/li><\/ul>\n\n\n\n<p>No obstante, tambi\u00e9n puede ocasionar ciertas dificultades como son la inversi\u00f3n requerida para la coordinaci\u00f3n y log\u00edstica o las inspecciones en cada puesto de control. Tambi\u00e9n, las limitaciones legales u operativas que pueden surgir debido a la normativa local.<\/p>\n\n\n\n<p><strong>Para m\u00e1s informaci\u00f3n: <\/strong><a href=\"https:\/\/iberonewsla.com\/transporte-multimodal-logistica-centroamerica\/\" target=\"_blank\" rel=\"noreferrer noopener\">https:\/\/iberonewsla.com\/transporte-multimodal-logistica-centroamerica\/<\/a>\u00a0<\/p>","protected":false},"excerpt":{"rendered":"<p>La regi\u00f3n dispone de limitados estudios sobre la contribuci\u00f3n del transporte multimodal. Sin embargo, no existe duda alguna que este tipo de transporte es fundamental para la log\u00edstica en Centroam\u00e9rica en cuanto permite la aceleraci\u00f3n del comercio y la diversificaci\u00f3n geogr\u00e1fica. Adem\u00e1s, es la forma m\u00e1s eficiente para llevar a cabo el env\u00edo de ciertos [&hellip;]<\/p>\n","protected":false},"author":1,"featured_media":8337,"comment_status":"open","ping_status":"open","sticky":false,"template":"","format":"standard","meta":{"footnotes":""},"categories":[11],"tags":[158,267,268,269,114,20,41,123],"class_list":["post-8336","post","type-post","status-publish","format-standard","has-post-thumbnail","hentry","category-noticias","tag-4pl","tag-4pl-costa-rica","tag-4pl-el-salvador","tag-4pl-guatemala","tag-costa-rica","tag-el-salvador","tag-guatemala","tag-transporte-de-carga"],"aioseo_notices":[],"_links":{"self":[{"href":"https:\/\/www.4plcr.net\/en\/wp-json\/wp\/v2\/posts\/8336","targetHints":{"allow":["GET"]}}],"collection":[{"href":"https:\/\/www.4plcr.net\/en\/wp-json\/wp\/v2\/posts"}],"about":[{"href":"https:\/\/www.4plcr.net\/en\/wp-json\/wp\/v2\/types\/post"}],"author":[{"embeddable":true,"href":"https:\/\/www.4plcr.net\/en\/wp-json\/wp\/v2\/users\/1"}],"replies":[{"embeddable":true,"href":"https:\/\/www.4plcr.net\/en\/wp-json\/wp\/v2\/comments?post=8336"}],"version-history":[{"count":0,"href":"https:\/\/www.4plcr.net\/en\/wp-json\/wp\/v2\/posts\/8336\/revisions"}],"wp:featuredmedia":[{"embeddable":true,"href":"https:\/\/www.4plcr.net\/en\/wp-json\/wp\/v2\/media\/8337"}],"wp:attachment":[{"href":"https:\/\/www.4plcr.net\/en\/wp-json\/wp\/v2\/media?parent=8336"}],"wp:term":[{"taxonomy":"category","embeddable":true,"href":"https:\/\/www.4plcr.net\/en\/wp-json\/wp\/v2\/categories?post=8336"},{"taxonomy":"post_tag","embeddable":true,"href":"https:\/\/www.4plcr.net\/en\/wp-json\/wp\/v2\/tags?post=8336"}],"curies":[{"name":"wp","href":"https:\/\/api.w.org\/{rel}","templated":true}]}}