{"id":8333,"date":"2022-09-07T20:30:41","date_gmt":"2022-09-08T02:30:41","guid":{"rendered":"https:\/\/www.4plcr.net\/?p=8333"},"modified":"2022-09-07T20:30:41","modified_gmt":"2022-09-08T02:30:41","slug":"crisis-en-panama-paraliza-el-transporte-de-carga-terrestre-con-centroamerica","status":"publish","type":"post","link":"https:\/\/www.4plcr.net\/en\/crisis-en-panama-paraliza-el-transporte-de-carga-terrestre-con-centroamerica\/","title":{"rendered":"Crisis en Panam\u00e1 paraliza el transporte de carga terrestre con Centroam\u00e9rica"},"content":{"rendered":"<p>Antes de iniciar el di\u00e1logo el Gobierno de Laurentino Cortizo aprob\u00f3 una rebaja y congelaci\u00f3n temporal y general de los combustibles. El transporte de carga terrestre en Panam\u00e1, que alberga la zona libre m\u00e1s grande del continente, y Centroam\u00e9rica, est\u00e1 pr\u00e1cticamente paralizado por la crisis paname\u00f1a, lo que est\u00e1 afectando el abastecimiento de productos e insumos m\u00e9dicos en ambos sentidos, afirm\u00f3 este lunes un portavoz del sector.<\/p>\n\n\n\n<p>En la Zona Libre de Col\u00f3n (ZLC), la mayor del continente y situada en la costa atl\u00e1ntica de Panam\u00e1, \u201chay cerca de 600 furgones listos para salir pero no han podido, para llevar insumos que se requiere en Centroam\u00e9rica como medicinas, electr\u00f3nica y enseres\u201d, afirm\u00f3 a Efe el expresidente del Consejo Empresarial Log\u00edstico (COEL) y portavoz del sector, Antonio Garc\u00eda-Prieto.<\/p>\n\n\n\n<p>Desde hace tres semanas la carretera Interamericana o Panamericana, que atraviesa todo Panam\u00e1 y lo une con Centroam\u00e9rica, es escenario de bloqueos especialmente liderados por ind\u00edgenas, en el marco de unas protestas nacionales contra el alto costo de la vida. Hay desabastecimiento de alimentos, combustible y otros enseres e insumos en los centros urbanos paname\u00f1os, incluida la capital, donde en las \u00faltimas horas llegaron suministros despu\u00e9s de que las v\u00edas fueran despejadas de forma temporal.<\/p>\n\n\n\n<p>Entre los incontables camiones que han quedado varados en la carretera paname\u00f1a hay muchos centroamericanos. La Federaci\u00f3n Centroamericana de Transporte de Carga (FECATRANS) \u201cest\u00e1 recomendando no viajar a este pa\u00eds hasta que se garantice la seguridad\u201d de los conductores y la carga, asever\u00f3 Garc\u00eda-Prieto. \u201cEn este juego de ajedrez tenemos mucho que perder, porque de Centroam\u00e9rica viene mucho insumo a Panam\u00e1: insumos m\u00e9dicos, alimentos, incluso ox\u00edgeno\u201d, agreg\u00f3.<\/p>\n\n\n\n<p>La Federaci\u00f3n Centroamericana de Transporte de Carga le ha pedido a sus afiliados en Panam\u00e1 \u201cauxilio para los conductores centroamericanos\u201d varados en los tranques, alguno de los cuales han sido v\u00edctimas \u201cde robo de art\u00edculos de sus camiones\u201d, pero ha sido imposible llegar a tiempo con alguna ayuda humanitaria precisamente por los problemas de movilidad. \u201cHemos tenido mucha presi\u00f3n de las centrales de transporte de carga de Centroam\u00e9rica\u201d, agreg\u00f3 Garc\u00eda-Prieto.<\/p>\n\n\n\n<p><strong>Para m\u00e1s informaci\u00f3n: <\/strong><a href=\"https:\/\/revistasumma.com\/crisis-en-panama-paraliza-el-transporte-de-carga-terrestre-con-centroamerica\/\" target=\"_blank\" rel=\"noreferrer noopener\">https:\/\/revistasumma.com\/crisis-en-panama-paraliza-el-transporte-de-carga-terrestre-con-centroamerica\/<\/a><\/p>","protected":false},"excerpt":{"rendered":"<p>Antes de iniciar el di\u00e1logo el Gobierno de Laurentino Cortizo aprob\u00f3 una rebaja y congelaci\u00f3n temporal y general de los combustibles. El transporte de carga terrestre en Panam\u00e1, que alberga la zona libre m\u00e1s grande del continente, y Centroam\u00e9rica, est\u00e1 pr\u00e1cticamente paralizado por la crisis paname\u00f1a, lo que est\u00e1 afectando el abastecimiento de productos e [&hellip;]<\/p>\n","protected":false},"author":1,"featured_media":8334,"comment_status":"open","ping_status":"open","sticky":false,"template":"","format":"standard","meta":{"footnotes":""},"categories":[11],"tags":[158,267,268,269,114,20,41,213,123],"class_list":["post-8333","post","type-post","status-publish","format-standard","has-post-thumbnail","hentry","category-noticias","tag-4pl","tag-4pl-costa-rica","tag-4pl-el-salvador","tag-4pl-guatemala","tag-costa-rica","tag-el-salvador","tag-guatemala","tag-panama-2","tag-transporte-de-carga"],"aioseo_notices":[],"_links":{"self":[{"href":"https:\/\/www.4plcr.net\/en\/wp-json\/wp\/v2\/posts\/8333","targetHints":{"allow":["GET"]}}],"collection":[{"href":"https:\/\/www.4plcr.net\/en\/wp-json\/wp\/v2\/posts"}],"about":[{"href":"https:\/\/www.4plcr.net\/en\/wp-json\/wp\/v2\/types\/post"}],"author":[{"embeddable":true,"href":"https:\/\/www.4plcr.net\/en\/wp-json\/wp\/v2\/users\/1"}],"replies":[{"embeddable":true,"href":"https:\/\/www.4plcr.net\/en\/wp-json\/wp\/v2\/comments?post=8333"}],"version-history":[{"count":0,"href":"https:\/\/www.4plcr.net\/en\/wp-json\/wp\/v2\/posts\/8333\/revisions"}],"wp:featuredmedia":[{"embeddable":true,"href":"https:\/\/www.4plcr.net\/en\/wp-json\/wp\/v2\/media\/8334"}],"wp:attachment":[{"href":"https:\/\/www.4plcr.net\/en\/wp-json\/wp\/v2\/media?parent=8333"}],"wp:term":[{"taxonomy":"category","embeddable":true,"href":"https:\/\/www.4plcr.net\/en\/wp-json\/wp\/v2\/categories?post=8333"},{"taxonomy":"post_tag","embeddable":true,"href":"https:\/\/www.4plcr.net\/en\/wp-json\/wp\/v2\/tags?post=8333"}],"curies":[{"name":"wp","href":"https:\/\/api.w.org\/{rel}","templated":true}]}}