{"id":8326,"date":"2022-09-05T14:17:00","date_gmt":"2022-09-05T20:17:00","guid":{"rendered":"https:\/\/www.4plcr.net\/?p=8326"},"modified":"2022-09-05T14:17:00","modified_gmt":"2022-09-05T20:17:00","slug":"la-sieca-destaca-el-potencial-de-centroamerica-como-hub-de-oportunidades-durante-el-foro-sobre-logistica-y-transporte-sostenible-entre-ue-y-centroamerica","status":"publish","type":"post","link":"https:\/\/www.4plcr.net\/en\/la-sieca-destaca-el-potencial-de-centroamerica-como-hub-de-oportunidades-durante-el-foro-sobre-logistica-y-transporte-sostenible-entre-ue-y-centroamerica\/","title":{"rendered":"La SIECA destaca el potencial de Centroam\u00e9rica como hub de oportunidades durante el foro sobre log\u00edstica y transporte sostenible entre UE y Centroam\u00e9rica"},"content":{"rendered":"<p>Con motivo del 10 aniversario del Acuerdo de Asociaci\u00f3n UE-Centroam\u00e9rica, la Uni\u00f3n Europea y la C\u00e1mara de Comercio de Espa\u00f1a organizaron este 6 de abril en Madrid, en la sede de la C\u00e1mara de Comercio de Espa\u00f1a, el&nbsp; primer foro empresarial sobre \u201cLog\u00edstica y transporte sostenible UE-Centroam\u00e9rica\u201d entre ambas regiones. En el evento estuvieron presentes Duayner Salas Chaverri, Jefe de Gabinete de la Secretar\u00eda de Integraci\u00f3n Econ\u00f3mica Centroamericana (SIECA) y Eduardo Espinoza, Director General de Integraci\u00f3n Econ\u00f3mica, Facilitaci\u00f3n del Comercio y Transporte de la SIECA.<\/p>\n\n\n\n<p>Durante el evento, de manera virtual, Francisco A. Lima Mena, Secretario General de la SIECA, envi\u00f3 un saludo a los asistentes e indic\u00f3 que la Secretar\u00eda apoya los esfuerzos de los pa\u00edses centroamericanos para implementar la Pol\u00edtica Marco Regional de Movilidad y Log\u00edstica Centroamericana,&nbsp; que fue aprobada por los Presidentes de la regi\u00f3n en diciembre de 2017.<\/p>\n\n\n\n<p>El Secretario Lima Mena resalt\u00f3 que Centroam\u00e9rica se prepara para iniciar la implementaci\u00f3n de un portafolio de proyectos regionales identificados en materia de servicios de transporte y log\u00edstico; y desarrollar una estrategia de financiamiento que busca convertir a la regi\u00f3n en un hub log\u00edstico para el movimiento de personas y carga a nivel internacional.<\/p>\n\n\n\n<p>Por otro lado, el Director Eduardo Espinoza particip\u00f3 en el Panel \u201cOportunidades en el sector de la log\u00edstica y transporte en Centroam\u00e9rica\u201d donde se refiri\u00f3 al Plan Maestro de Movilidad y Log\u00edstica 2035 y resalt\u00f3 que entre los resultados que se esperan con la implementaci\u00f3n de este Plan Maestro est\u00e1n la transici\u00f3n hacia un sistema multi modal de transporte de carga y de personas, la reducci\u00f3n en costos y tiempos de traslado de carga y pasajeros, la creaci\u00f3n de empleos de alto valor agregado, como respuesta a la modernizaci\u00f3n del transporte y el dise\u00f1o de mecanismos de financiamiento novedosos y sostenibles.<\/p>\n\n\n\n<p>Las palabras de conclusi\u00f3n de este foro empresarial estuvieron a cargo del Jefe de Gabinete de la SIECA, Duayner Salas, quien agradeci\u00f3 a la Uni\u00f3n Europea por la organizaci\u00f3n, a la C\u00e1mara de Comercio de Espa\u00f1a por ser anfitriones y a las personas expositoras en este evento, que sirvi\u00f3 para posicionar con mayor intencionalidad iniciativas en materia de transporte, log\u00edstica e infraestructura, relacionadas con la integraci\u00f3n econ\u00f3mica.\u00a0<br><strong>Para m\u00e1s informaci\u00f3n:<\/strong><a href=\"https:\/\/newsinamerica.com\/pdcc\/economia\/2022\/la-sieca-destaca-el-potencial-de-centroamerica-como-hub-de-oportunidades-durante-el-foro-sobre-logistica-y-transporte-sostenible-entre-ue-y-centroamerica\/\" target=\"_blank\" rel=\"noreferrer noopener\">https:\/\/newsinamerica.com\/pdcc\/economia\/2022\/la-sieca-destaca-el-potencial-de-centro<\/a><\/p>","protected":false},"excerpt":{"rendered":"<p>Con motivo del 10 aniversario del Acuerdo de Asociaci\u00f3n UE-Centroam\u00e9rica, la Uni\u00f3n Europea y la C\u00e1mara de Comercio de Espa\u00f1a organizaron este 6 de abril en Madrid, en la sede de la C\u00e1mara de Comercio de Espa\u00f1a, el&nbsp; primer foro empresarial sobre \u201cLog\u00edstica y transporte sostenible UE-Centroam\u00e9rica\u201d entre ambas regiones. En el evento estuvieron presentes [&hellip;]<\/p>\n","protected":false},"author":1,"featured_media":8327,"comment_status":"open","ping_status":"open","sticky":false,"template":"","format":"standard","meta":{"footnotes":""},"categories":[11],"tags":[158,267,268,269,114,20,41,123],"class_list":["post-8326","post","type-post","status-publish","format-standard","has-post-thumbnail","hentry","category-noticias","tag-4pl","tag-4pl-costa-rica","tag-4pl-el-salvador","tag-4pl-guatemala","tag-costa-rica","tag-el-salvador","tag-guatemala","tag-transporte-de-carga"],"aioseo_notices":[],"_links":{"self":[{"href":"https:\/\/www.4plcr.net\/en\/wp-json\/wp\/v2\/posts\/8326","targetHints":{"allow":["GET"]}}],"collection":[{"href":"https:\/\/www.4plcr.net\/en\/wp-json\/wp\/v2\/posts"}],"about":[{"href":"https:\/\/www.4plcr.net\/en\/wp-json\/wp\/v2\/types\/post"}],"author":[{"embeddable":true,"href":"https:\/\/www.4plcr.net\/en\/wp-json\/wp\/v2\/users\/1"}],"replies":[{"embeddable":true,"href":"https:\/\/www.4plcr.net\/en\/wp-json\/wp\/v2\/comments?post=8326"}],"version-history":[{"count":0,"href":"https:\/\/www.4plcr.net\/en\/wp-json\/wp\/v2\/posts\/8326\/revisions"}],"wp:featuredmedia":[{"embeddable":true,"href":"https:\/\/www.4plcr.net\/en\/wp-json\/wp\/v2\/media\/8327"}],"wp:attachment":[{"href":"https:\/\/www.4plcr.net\/en\/wp-json\/wp\/v2\/media?parent=8326"}],"wp:term":[{"taxonomy":"category","embeddable":true,"href":"https:\/\/www.4plcr.net\/en\/wp-json\/wp\/v2\/categories?post=8326"},{"taxonomy":"post_tag","embeddable":true,"href":"https:\/\/www.4plcr.net\/en\/wp-json\/wp\/v2\/tags?post=8326"}],"curies":[{"name":"wp","href":"https:\/\/api.w.org\/{rel}","templated":true}]}}