{"id":8071,"date":"2022-07-28T08:56:40","date_gmt":"2022-07-28T14:56:40","guid":{"rendered":"https:\/\/www.4plcr.net\/?p=8071"},"modified":"2022-07-28T08:56:40","modified_gmt":"2022-07-28T14:56:40","slug":"puertos-de-mexico-movilizan-mas-de-731-mil-vehiculos-entre-enero-y-mayo-de-2022","status":"publish","type":"post","link":"https:\/\/www.4plcr.net\/en\/puertos-de-mexico-movilizan-mas-de-731-mil-vehiculos-entre-enero-y-mayo-de-2022\/","title":{"rendered":"Puertos de M\u00e9xico movilizan m\u00e1s de 731 mil veh\u00edculos entre enero y mayo de 2022"},"content":{"rendered":"<p>Los veh\u00edculos movilizados por los puertos de M\u00e9xico aument\u00f3 de enero a mayo 8,8%, alcanzando las 731.696 unidades, frente a las 672.778 del mismo periodo de 2021. Con un crecimiento del 4,5% en los primeros cinco meses de este a\u00f1o a tasa anual, la carga automotriz repunt\u00f3 tanto en importaci\u00f3n como en exportaci\u00f3n, aunque por puerto descendi\u00f3 a m\u00e1s de 50%, report\u00f3 Info-Transportes.<\/p>\n\n\n\n<p>En detalle, en enero-mayo, la importaci\u00f3n creci\u00f3 30,3% con la movilizaci\u00f3n de 271.952 unidades, frente a las 189.437 unidades del igual lapso del 2021. De acuerdo con el reporte de la Secretar\u00eda de Marina, en el Golfo de M\u00e9xico, los dos puertos semi-especializados en el manejo de esta carga: Altamira y Veracruz, crecieron en importaci\u00f3n 61,2% y 14%, respectivamente, llegando a 1.218 y 120.709 unidades, en el mismo orden.<\/p>\n\n\n\n<p>En el Pacifico, L\u00e1zaro C\u00e1rdenas fue el puerto con mayor movilizaci\u00f3n de veh\u00edculos; aument\u00f3 47% hasta las 145.083 unidades en el periodo analizado del 2022, desde las 76.799 unidades del 2021. En tanto, rompiendo la tendencia al alza, en el puerto de Mazatl\u00e1n descendi\u00f3 en 53,1% a 2.968 unidades, desde las 6.330 de 2021. Asimismo, en Manzanillo tambi\u00e9n disminuy\u00f3 en 3,1%, con 1.974 unidades este a\u00f1o, versus 2.039 del a\u00f1o pasado.<\/p>\n\n\n\n<p>Por otro lado, las exportaciones bajaron 4,8% en este tipo de carga, al alcanzar 459.744 unidades, en comparaci\u00f3n con las 483.341 de 2021. En el Golfo, Veracruz aument\u00f3 el movimiento en 3,1% a 237.610 veh\u00edculos, en comparaci\u00f3n de las 230.152 unidades del 2021. Tuxpan no registr\u00f3 ning\u00fan dato en este a\u00f1o, sin embargo, moviliz\u00f3 501 unidades de enero-mayo del 2021.<\/p>\n\n\n\n<p>Tambi\u00e9n, Altamira sufri\u00f3 una ca\u00edda de 10,9%, culminando con 128.750 unidades en este a\u00f1o, frente a las 144.527 del a\u00f1o anterior. Por el Pacifico, L\u00e1zaro C\u00e1rdenas se desaceler\u00f3 10% al terminar enero-mayo, con 93.382 veh\u00edculos, con respecto a los 103.760 en 2021. Mientras tanto, Mazatl\u00e1n y Acapulco no registraron datos este a\u00f1o y Manzanillo moviliz\u00f3 solo 2 unidades al exterior en el periodo de referencia.<\/p>\n\n\n\n<p><strong>Para m\u00e1s informaci\u00f3n: <\/strong><a href=\"https:\/\/www.mundomaritimo.cl\/noticias\/puertos-de-mexico-movilizan-mas-de-731-mil-vehiculos-entre-enero-y-mayo-de-2022\" target=\"_blank\" rel=\"noreferrer noopener\">https:\/\/www.mundomaritimo.cl\/noticias\/puertos-de-mexico-movilizan-mas-de-731-mil-vehiculos-entre-enero-y-mayo-de-2022<\/a>\u00a0<\/p>","protected":false},"excerpt":{"rendered":"<p>Los veh\u00edculos movilizados por los puertos de M\u00e9xico aument\u00f3 de enero a mayo 8,8%, alcanzando las 731.696 unidades, frente a las 672.778 del mismo periodo de 2021. Con un crecimiento del 4,5% en los primeros cinco meses de este a\u00f1o a tasa anual, la carga automotriz repunt\u00f3 tanto en importaci\u00f3n como en exportaci\u00f3n, aunque por [&hellip;]<\/p>\n","protected":false},"author":1,"featured_media":8072,"comment_status":"open","ping_status":"open","sticky":false,"template":"","format":"standard","meta":{"footnotes":""},"categories":[11],"tags":[158,267,268,269,114,20,41],"class_list":["post-8071","post","type-post","status-publish","format-standard","has-post-thumbnail","hentry","category-noticias","tag-4pl","tag-4pl-costa-rica","tag-4pl-el-salvador","tag-4pl-guatemala","tag-costa-rica","tag-el-salvador","tag-guatemala"],"aioseo_notices":[],"_links":{"self":[{"href":"https:\/\/www.4plcr.net\/en\/wp-json\/wp\/v2\/posts\/8071","targetHints":{"allow":["GET"]}}],"collection":[{"href":"https:\/\/www.4plcr.net\/en\/wp-json\/wp\/v2\/posts"}],"about":[{"href":"https:\/\/www.4plcr.net\/en\/wp-json\/wp\/v2\/types\/post"}],"author":[{"embeddable":true,"href":"https:\/\/www.4plcr.net\/en\/wp-json\/wp\/v2\/users\/1"}],"replies":[{"embeddable":true,"href":"https:\/\/www.4plcr.net\/en\/wp-json\/wp\/v2\/comments?post=8071"}],"version-history":[{"count":0,"href":"https:\/\/www.4plcr.net\/en\/wp-json\/wp\/v2\/posts\/8071\/revisions"}],"wp:featuredmedia":[{"embeddable":true,"href":"https:\/\/www.4plcr.net\/en\/wp-json\/wp\/v2\/media\/8072"}],"wp:attachment":[{"href":"https:\/\/www.4plcr.net\/en\/wp-json\/wp\/v2\/media?parent=8071"}],"wp:term":[{"taxonomy":"category","embeddable":true,"href":"https:\/\/www.4plcr.net\/en\/wp-json\/wp\/v2\/categories?post=8071"},{"taxonomy":"post_tag","embeddable":true,"href":"https:\/\/www.4plcr.net\/en\/wp-json\/wp\/v2\/tags?post=8071"}],"curies":[{"name":"wp","href":"https:\/\/api.w.org\/{rel}","templated":true}]}}