{"id":8055,"date":"2022-07-21T09:44:47","date_gmt":"2022-07-21T15:44:47","guid":{"rendered":"https:\/\/www.4plcr.net\/?p=8055"},"modified":"2022-07-21T09:44:47","modified_gmt":"2022-07-21T15:44:47","slug":"flota-de-portacontenedores-inactivos-muestra-otro-ligero-repunte","status":"publish","type":"post","link":"https:\/\/www.4plcr.net\/en\/flota-de-portacontenedores-inactivos-muestra-otro-ligero-repunte\/","title":{"rendered":"Flota de portacontenedores inactivos muestra otro ligero repunte"},"content":{"rendered":"<p>Desde mayo, la capacidad mundial de los portacontenedores inactivos se ha mantenido relativamente plana en un 3,4 &#8211; 3,6% del total de la flota contabilizada en unidades. El aumento moderado pero constante de la inactividad de los buques observado en el primer semestre se ha detenido. Durante los \u00faltimos quince d\u00edas, la flota s\u00f3lo mostr\u00f3 un muy ligero aumento en t\u00e9rminos de capacidad. Este peque\u00f1o incremento se debe principalmente a un n\u00famero de buques de tama\u00f1o medio y grande que esperan incorporarse a sus pr\u00f3ximos servicios despu\u00e9s de pasar por el dique seco, inform\u00f3 Alphaliner.<\/p>\n\n\n\n<p>Seg\u00fan la \u00faltima encuesta de Alphaliner del 4 de julio, un total de 234 portacontenedores con un total sumado de 905.072 TEUs se contabilizaron como inactivos. En comparaci\u00f3n con los quince d\u00edas anteriores, esto supone un aumento de 13 buques y 28.414 TEUs. En t\u00e9rminos de capacidad, esto represent\u00f3 el 3,6% de la flota mundial, frente al 2,3% de hace un a\u00f1o. No obstante, la inactividad de los buques sigue siendo m\u00ednima en el panorama general, ya que no se ha detectado ninguna paralizaci\u00f3n estructural.&nbsp;<\/p>\n\n\n\n<p>Aunque el n\u00famero de buques en reparaci\u00f3n aument\u00f3 en una sola unidad, en t\u00e9rminos de capacidad se redujo en 50.455 TEUs durante los \u00faltimos quince d\u00edas. La \u00faltima revisi\u00f3n de Alphaliner, contaba con 162 buques en dique seco con una capacidad total de 623.925 TEUs.&nbsp;<\/p>\n\n\n\n<p>Por el contrario, el n\u00famero de buques comercialmente inactivos aument\u00f3 en doce unidades y 78.869 TEUs para llegar a 72 buques por un total de 281.147 TEUs.&nbsp; Los buques ociosos controlados por navieras fueron los que m\u00e1s contribuyeron al aumento de once buques y 65.982 TEUs. El recuento anterior se situaba en 56 unidades para 239.213 TEUs para el 4 de julio.&nbsp;<\/p>\n\n\n\n<p>El tonelaje inactivo de propietarios no operadores aument\u00f3 ligeramente en un buque y 12.887 TEUs, quedando en 16 naves o 41.034 TEUs.&nbsp; Los buques inactivos comerciales representan ahora el 31% de la flota inactiva, frente al 23% de la encuesta anterior de Alphaliner.<\/p>\n\n\n\n<p><strong>Para m\u00e1s informaci\u00f3n: <\/strong><a href=\"https:\/\/www.mundomaritimo.cl\/noticias\/flota-de-portacontenedores-inactivos-muestra-otro-ligero-repunte\" target=\"_blank\" rel=\"noreferrer noopener\">https:\/\/www.mundomaritimo.cl\/noticias\/flota-de-portacontenedores-inactivos-muestra-otro-ligero-repunte<\/a>\u00a0<\/p>","protected":false},"excerpt":{"rendered":"<p>Desde mayo, la capacidad mundial de los portacontenedores inactivos se ha mantenido relativamente plana en un 3,4 &#8211; 3,6% del total de la flota contabilizada en unidades. El aumento moderado pero constante de la inactividad de los buques observado en el primer semestre se ha detenido. Durante los \u00faltimos quince d\u00edas, la flota s\u00f3lo mostr\u00f3 [&hellip;]<\/p>\n","protected":false},"author":1,"featured_media":8056,"comment_status":"open","ping_status":"open","sticky":false,"template":"","format":"standard","meta":{"footnotes":""},"categories":[11],"tags":[158,267,268,269,114,20,41,123],"class_list":["post-8055","post","type-post","status-publish","format-standard","has-post-thumbnail","hentry","category-noticias","tag-4pl","tag-4pl-costa-rica","tag-4pl-el-salvador","tag-4pl-guatemala","tag-costa-rica","tag-el-salvador","tag-guatemala","tag-transporte-de-carga"],"aioseo_notices":[],"_links":{"self":[{"href":"https:\/\/www.4plcr.net\/en\/wp-json\/wp\/v2\/posts\/8055","targetHints":{"allow":["GET"]}}],"collection":[{"href":"https:\/\/www.4plcr.net\/en\/wp-json\/wp\/v2\/posts"}],"about":[{"href":"https:\/\/www.4plcr.net\/en\/wp-json\/wp\/v2\/types\/post"}],"author":[{"embeddable":true,"href":"https:\/\/www.4plcr.net\/en\/wp-json\/wp\/v2\/users\/1"}],"replies":[{"embeddable":true,"href":"https:\/\/www.4plcr.net\/en\/wp-json\/wp\/v2\/comments?post=8055"}],"version-history":[{"count":0,"href":"https:\/\/www.4plcr.net\/en\/wp-json\/wp\/v2\/posts\/8055\/revisions"}],"wp:featuredmedia":[{"embeddable":true,"href":"https:\/\/www.4plcr.net\/en\/wp-json\/wp\/v2\/media\/8056"}],"wp:attachment":[{"href":"https:\/\/www.4plcr.net\/en\/wp-json\/wp\/v2\/media?parent=8055"}],"wp:term":[{"taxonomy":"category","embeddable":true,"href":"https:\/\/www.4plcr.net\/en\/wp-json\/wp\/v2\/categories?post=8055"},{"taxonomy":"post_tag","embeddable":true,"href":"https:\/\/www.4plcr.net\/en\/wp-json\/wp\/v2\/tags?post=8055"}],"curies":[{"name":"wp","href":"https:\/\/api.w.org\/{rel}","templated":true}]}}