{"id":8043,"date":"2022-07-18T10:25:00","date_gmt":"2022-07-18T16:25:00","guid":{"rendered":"https:\/\/www.4plcr.net\/?p=8043"},"modified":"2022-07-18T10:25:00","modified_gmt":"2022-07-18T16:25:00","slug":"transporte-maritimo-de-contenedores-muestra-mejorias-pero-senales-de-recesion-impiden-celebrar","status":"publish","type":"post","link":"https:\/\/www.4plcr.net\/en\/transporte-maritimo-de-contenedores-muestra-mejorias-pero-senales-de-recesion-impiden-celebrar\/","title":{"rendered":"Transporte mar\u00edtimo de contenedores muestra mejor\u00edas, pero se\u00f1ales de recesi\u00f3n impiden celebrar \u00a0"},"content":{"rendered":"\n<p>Las tensiones del transporte mar\u00edtimo de contenedores est\u00e1n mejorando seg\u00fan diversos indicadores, pero el final gradual de la escasez de oferta provocado por la pandemia podr\u00eda dar paso a una ca\u00edda en la demanda de los consumidores que culminar\u00eda por hacer retroceder el crecimiento econ\u00f3mico y generar una problem\u00e1tica acumulaci\u00f3n de inventario, reporta Bloomberg.<\/p>\n\n\n\n<p>En una nota de investigaci\u00f3n este mes economistas de Citi dirigidos por Nathan Sheets indicaron que \u201clas presiones en los sectores de bienes globales, que han sido un motor central de la inflaci\u00f3n, finalmente pueden estar disminuyendo\u201d. Seg\u00fan explican, las causas podr\u00edan estar en una desaceleraci\u00f3n en la demanda de bienes, especialmente discrecionales, por parte del consumidor global, lo que puede indicar un aumento de los riesgos de recesi\u00f3n.<\/p>\n\n\n\n<p>De acuerdo con Citi hay razones para dudar si las obstrucciones del comercio mundial se eliminar\u00e1n en el corto plazo, puesto que huelgas laborales, las interrupciones en las f\u00e1bricas vinculadas a los brotes de Covid en China, la guerra en Ucrania y las presiones de la temporada alta podr\u00edan enredar las redes log\u00edsticas nuevamente. Los economistas concuerdan en general en que la demanda de bienes de los hogares estadounidenses ser\u00e1 clave en los pr\u00f3ximos meses, pero est\u00e1n divididos sobre si se mantendr\u00e1 fuerte o comenzar\u00e1 a disminuir.<\/p>\n\n\n\n<p>Un indicador privado sugiere que podr\u00eda estar a punto de volver a la normalidad a medida que la gente sale a cenar, asiste a espect\u00e1culos y viaja m\u00e1s que durante la pandemia. Para ayudar a identificar este cambio Flexport desarroll\u00f3 un Indicador Post-Covid, cuya \u00faltima lectura muestra que \u00ablas preferencias de los consumidores se alejaron ligeramente de los bienes en mayo\u00bb. De acuerdo con las previsiones, el indicador se mantendr\u00e1 cerca de los niveles actuales durante el tercer trimestre de 2022. \u201cEso implicar\u00eda que las preferencias generales de los consumidores por los bienes sobre los servicios disminuir\u00e1n, pero seguir\u00e1n estando ligeramente por encima del verano [septentrional] de 2020 y los niveles previos a la pandemia\u00bb.<\/p>\n\n\n\n<p><strong>Para m\u00e1s informaci\u00f3n:<\/strong> <a href=\"https:\/\/www.mundomaritimo.cl\/noticias\/transporte-maritimo-de-contenedores-muestra-mejorias-pero-senales-de-recesion-impiden-celebrar\" target=\"_blank\" rel=\"noreferrer noopener\">https:\/\/www.mundomaritimo.cl\/noticias\/transporte-maritimo-de-contenedores-muestra-mejorias-pero-senales-de-recesion-impiden-celebrar<\/a><\/p>\n","protected":false},"excerpt":{"rendered":"<p>Las tensiones del transporte mar\u00edtimo de contenedores est\u00e1n mejorando seg\u00fan diversos indicadores, pero el final gradual de la escasez de oferta provocado por la pandemia podr\u00eda dar paso a una ca\u00edda en la demanda de los consumidores que culminar\u00eda por hacer retroceder el crecimiento econ\u00f3mico y generar una problem\u00e1tica acumulaci\u00f3n de inventario, reporta Bloomberg. En [&hellip;]<\/p>\n","protected":false},"author":1,"featured_media":8044,"comment_status":"open","ping_status":"open","sticky":false,"template":"","format":"standard","meta":{"footnotes":""},"categories":[11],"tags":[158,267,268,269,114,20,41,123],"class_list":["post-8043","post","type-post","status-publish","format-standard","has-post-thumbnail","hentry","category-noticias","tag-4pl","tag-4pl-costa-rica","tag-4pl-el-salvador","tag-4pl-guatemala","tag-costa-rica","tag-el-salvador","tag-guatemala","tag-transporte-de-carga"],"aioseo_notices":[],"_links":{"self":[{"href":"https:\/\/www.4plcr.net\/en\/wp-json\/wp\/v2\/posts\/8043","targetHints":{"allow":["GET"]}}],"collection":[{"href":"https:\/\/www.4plcr.net\/en\/wp-json\/wp\/v2\/posts"}],"about":[{"href":"https:\/\/www.4plcr.net\/en\/wp-json\/wp\/v2\/types\/post"}],"author":[{"embeddable":true,"href":"https:\/\/www.4plcr.net\/en\/wp-json\/wp\/v2\/users\/1"}],"replies":[{"embeddable":true,"href":"https:\/\/www.4plcr.net\/en\/wp-json\/wp\/v2\/comments?post=8043"}],"version-history":[{"count":0,"href":"https:\/\/www.4plcr.net\/en\/wp-json\/wp\/v2\/posts\/8043\/revisions"}],"wp:featuredmedia":[{"embeddable":true,"href":"https:\/\/www.4plcr.net\/en\/wp-json\/wp\/v2\/media\/8044"}],"wp:attachment":[{"href":"https:\/\/www.4plcr.net\/en\/wp-json\/wp\/v2\/media?parent=8043"}],"wp:term":[{"taxonomy":"category","embeddable":true,"href":"https:\/\/www.4plcr.net\/en\/wp-json\/wp\/v2\/categories?post=8043"},{"taxonomy":"post_tag","embeddable":true,"href":"https:\/\/www.4plcr.net\/en\/wp-json\/wp\/v2\/tags?post=8043"}],"curies":[{"name":"wp","href":"https:\/\/api.w.org\/{rel}","templated":true}]}}