{"id":8036,"date":"2022-07-14T09:32:16","date_gmt":"2022-07-14T15:32:16","guid":{"rendered":"https:\/\/www.4plcr.net\/?p=8036"},"modified":"2022-07-14T09:32:16","modified_gmt":"2022-07-14T15:32:16","slug":"iata-lineas-aereas-de-latinoamerica-aumentaron-un-138-los-volumenes-de-carga-en-mayo","status":"publish","type":"post","link":"https:\/\/www.4plcr.net\/en\/iata-lineas-aereas-de-latinoamerica-aumentaron-un-138-los-volumenes-de-carga-en-mayo\/","title":{"rendered":"IATA: l\u00edneas a\u00e9reas de Latinoam\u00e9rica aumentaron un 13,8% los vol\u00famenes de carga en mayo"},"content":{"rendered":"<p>La Asociaci\u00f3n Internacional de Transporte A\u00e9reo (IATA) public\u00f3 los datos de mayo de 2022 para los mercados mundiales de carga a\u00e9rea, mostrando que la flexibilizaci\u00f3n de las restricciones de \u00d3micron en China ayud\u00f3 a aliviar las limitaciones de la cadena de suministro y contribuy\u00f3 a una mejora del desempe\u00f1o en mayo. En espec\u00edfico, las l\u00edneas a\u00e9reas latinoamericanas informaron de un aumento del 13,8% en los vol\u00famenes de carga en comparaci\u00f3n con mayo de 2021. Este fue el rendimiento m\u00e1s fuerte de todas las regiones. Las aerol\u00edneas de la regi\u00f3n mostraron su optimismo introduciendo nuevos servicios y capacidad, y en algunos casos, invirtiendo en aviones adicionales para la carga a\u00e9rea en los pr\u00f3ximos meses.&nbsp; La capacidad en mayo aument\u00f3 un 33,3% en comparaci\u00f3n con el mismo mes de 2021.&nbsp;<\/p>\n\n\n\n<p>En tanto, la demanda global, medida en toneladas-kil\u00f3metro de carga (CTKs), fue un 8,3% inferior a los niveles de mayo de 2021 (-8,1% para las operaciones internacionales). Esto supuso una mejora respecto al descenso interanual del 9,1% observado en abril. La capacidad fue un 2,7% superior a la de mayo de 2021 (+5,7% para las operaciones internacionales). Esto compensa con creces la ca\u00edda interanual del 0,7% registrada en abril. La capacidad aument\u00f3 en todas las regiones, siendo Asia-Pac\u00edfico la que experiment\u00f3 el mayor crecimiento.<\/p>\n\n\n\n<p>Las aerol\u00edneas de Asia-Pac\u00edfico vieron c\u00f3mo sus vol\u00famenes de carga a\u00e9rea disminu\u00edan un 6,6% en mayo de 2022 en comparaci\u00f3n con el mismo mes de 2021. Se trata de una mejora significativa con respecto al descenso del 15,8% registrado en abril. Las aerol\u00edneas de la regi\u00f3n se han visto fuertemente afectadas por la menor actividad comercial y manufacturera debido a los cierres relacionados con Omicron en China, aunque esta situaci\u00f3n empez\u00f3 a remitir en mayo al levantarse las restricciones.&nbsp;<\/p>\n\n\n\n<p>En tanto, las l\u00edneas a\u00e9reas norteamericanas registraron un descenso del 5,7% en los vol\u00famenes de carga en comparaci\u00f3n con mayo de 2021. La demanda en el mercado Asia-Norteam\u00e9rica sigui\u00f3 siendo escasa, sin embargo, otras rutas clave como Europa &#8211; Norteam\u00e9rica siguen siendo fuertes. La capacidad aument\u00f3 un 6,8% en comparaci\u00f3n con mayo de 2021.&nbsp;<\/p>\n\n\n\n<p>Las aerol\u00edneas europeas experimentaron un descenso del 14,6% en los vol\u00famenes de carga en mayo de 2022 en comparaci\u00f3n con el mismo mes de 2021. Este fue el peor resultado de todas las regiones. Esto es atribuible a la guerra en Ucrania. La escasez de mano de obra y la menor actividad manufacturera en Asia debido a Omicron tambi\u00e9n afectaron a los vol\u00famenes.&nbsp;<\/p>\n\n\n\n<p><strong>Para m\u00e1s informaci\u00f3n: <\/strong><a href=\"https:\/\/www.mundomaritimo.cl\/noticias\/iata-lineas-aereas-de-latinoamerica-aumentaron-un-138-los-volumenes-de-carga-en-mayo\" target=\"_blank\" rel=\"noreferrer noopener\">https:\/\/www.mundomaritimo.cl\/noticias\/iata-lineas-aereas-de-latinoamerica-aumentaron-un-138-los-volumenes-de-carga-en-mayo<\/a>\u00a0<\/p>","protected":false},"excerpt":{"rendered":"<p>La Asociaci\u00f3n Internacional de Transporte A\u00e9reo (IATA) public\u00f3 los datos de mayo de 2022 para los mercados mundiales de carga a\u00e9rea, mostrando que la flexibilizaci\u00f3n de las restricciones de \u00d3micron en China ayud\u00f3 a aliviar las limitaciones de la cadena de suministro y contribuy\u00f3 a una mejora del desempe\u00f1o en mayo. En espec\u00edfico, las l\u00edneas [&hellip;]<\/p>\n","protected":false},"author":1,"featured_media":8037,"comment_status":"open","ping_status":"open","sticky":false,"template":"","format":"standard","meta":{"footnotes":""},"categories":[11],"tags":[158,267,268,269,413,114,20,41,123],"class_list":["post-8036","post","type-post","status-publish","format-standard","has-post-thumbnail","hentry","category-noticias","tag-4pl","tag-4pl-costa-rica","tag-4pl-el-salvador","tag-4pl-guatemala","tag-asociacion-internacional-de-transporte-aereo","tag-costa-rica","tag-el-salvador","tag-guatemala","tag-transporte-de-carga"],"aioseo_notices":[],"_links":{"self":[{"href":"https:\/\/www.4plcr.net\/en\/wp-json\/wp\/v2\/posts\/8036","targetHints":{"allow":["GET"]}}],"collection":[{"href":"https:\/\/www.4plcr.net\/en\/wp-json\/wp\/v2\/posts"}],"about":[{"href":"https:\/\/www.4plcr.net\/en\/wp-json\/wp\/v2\/types\/post"}],"author":[{"embeddable":true,"href":"https:\/\/www.4plcr.net\/en\/wp-json\/wp\/v2\/users\/1"}],"replies":[{"embeddable":true,"href":"https:\/\/www.4plcr.net\/en\/wp-json\/wp\/v2\/comments?post=8036"}],"version-history":[{"count":0,"href":"https:\/\/www.4plcr.net\/en\/wp-json\/wp\/v2\/posts\/8036\/revisions"}],"wp:featuredmedia":[{"embeddable":true,"href":"https:\/\/www.4plcr.net\/en\/wp-json\/wp\/v2\/media\/8037"}],"wp:attachment":[{"href":"https:\/\/www.4plcr.net\/en\/wp-json\/wp\/v2\/media?parent=8036"}],"wp:term":[{"taxonomy":"category","embeddable":true,"href":"https:\/\/www.4plcr.net\/en\/wp-json\/wp\/v2\/categories?post=8036"},{"taxonomy":"post_tag","embeddable":true,"href":"https:\/\/www.4plcr.net\/en\/wp-json\/wp\/v2\/tags?post=8036"}],"curies":[{"name":"wp","href":"https:\/\/api.w.org\/{rel}","templated":true}]}}