{"id":8027,"date":"2022-07-11T09:11:00","date_gmt":"2022-07-11T15:11:00","guid":{"rendered":"https:\/\/www.4plcr.net\/?p=8027"},"modified":"2022-07-11T09:11:00","modified_gmt":"2022-07-11T15:11:00","slug":"caldera-tiene-90-de-saturacion","status":"publish","type":"post","link":"https:\/\/www.4plcr.net\/en\/caldera-tiene-90-de-saturacion\/","title":{"rendered":"Caldera tiene 90% de saturaci\u00f3n"},"content":{"rendered":"<p>El puerto de Caldera urge ser intervenido, ya que se encuentra a un 90% de saturaci\u00f3n. As\u00ed lo indic\u00f3 Widman Cruz M\u00e9ndez, presidente ejecutivo del Instituto Costarricense de Puertos del Pac\u00edfico (Incop), ante la Comisi\u00f3n Especial Legislativa de la Provincia de Puntarenas.<\/p>\n\n\n\n<p>En su exposici\u00f3n dijo que esa terminal portuaria necesita nuevos equipos, construcci\u00f3n de m\u00f3dulos y adem\u00e1s continuar obras de dragado, ya que no est\u00e1 dando m\u00e1s. Tambi\u00e9n mencion\u00f3 que se analizan posibilidades para modernizar el puerto. \u201cHay dos opciones: la primera es esperar la licitaci\u00f3n p\u00fablica internacional para realizar las obras de modernizaci\u00f3n, indiferentemente de la ocupaci\u00f3n actual, m\u00e1s el tiempo que conlleve el proceso licitatorio.&nbsp;<\/p>\n\n\n\n<p>La otra es tomar la solicitud de las c\u00e1maras empresariales, negociar obras mitigantes con el concesionario actual en la l\u00ednea de obras urgentes determinadas en el plan maestro\u201d, declar\u00f3. \u201cCon eso se podr\u00eda descongestionar el puerto de Caldera mientras se realiza la licitaci\u00f3n p\u00fablica internacional. Esa solicitud de las c\u00e1maras viene desde hace tres o cuatro a\u00f1os. Eso lo pospusieron hasta que lleg\u00f3 este gobierno y nos centramos en eso porque estamos saturados. Necesitamos bajar la aguja de un 90% a un 70%, como estaba antes, en 2016, para que el puerto sea m\u00e1s operativo\u201d, a\u00f1adi\u00f3.&nbsp;<\/p>\n\n\n\n<p>Cruz detall\u00f3 que entre las obras urgentes para Caldera est\u00e1n el adoquinamiento de 25.000 metros cuadrados (m\u00b2) y reforzamiento para el almacenamiento de contenedores, adem\u00e1s de colocaci\u00f3n de 20.000 m\u00b2 de pavimento liviano para veh\u00edculos y la demolici\u00f3n de la Bodega 1, que est\u00e1 frente a la l\u00ednea de atraque. \u201cYa eso no se usa en ning\u00fan puerto del mundo. Lo id\u00f3neo es demolerlo y ese espacio se usa para convertirlo en un patio de contenedores reforzado.&nbsp;<\/p>\n\n\n\n<p>\u00bfQu\u00e9 m\u00e1s nos piden las c\u00e1maras? Esc\u00e1ner para importaciones y exportaciones con una zona de inspecci\u00f3n controlada por Aduanas, 130 tomas reefer con un rack adicional para contenedores refrigerados, carriles internos, zonas de pesajes de doble salida, estancia para camioneros, laboratorio fitosanitario, reemplazar montacargas y camiones\u201d, detall\u00f3.&nbsp; \u201cSe necesita adem\u00e1s una campa\u00f1a de dragado de entre dos y tres a\u00f1os. Se necesita continuar (las obras) en el puerto hasta que finalice la concesi\u00f3n. Estas obras deben realizarse inmediatamente porque el puerto est\u00e1 saturado y no tomaron decisiones. Aun con todo eso, no se deber\u00edan generar incrementos tarifarios en el puerto\u201d, a\u00f1adi\u00f3. El presidente ejecutivo del Incop estim\u00f3 que, si todo cursa \u201ccomo Dios manda\u201d, la licitaci\u00f3n del puerto de Caldera podr\u00eda hacerse antes de 2031.&nbsp;<\/p>\n\n\n\n<p><strong>Para m\u00e1s informaci\u00f3n:<\/strong> <a href=\"https:\/\/www.diarioextra.com\/Noticia\/detalle\/479417\/caldera-tiene-90-de-saturaci-n\" target=\"_blank\" rel=\"noreferrer noopener\">https:\/\/www.diarioextra.com\/Noticia\/detalle\/479417\/caldera-tiene-90-de-saturaci-n<\/a>\u00a0<\/p>","protected":false},"excerpt":{"rendered":"<p>El puerto de Caldera urge ser intervenido, ya que se encuentra a un 90% de saturaci\u00f3n. As\u00ed lo indic\u00f3 Widman Cruz M\u00e9ndez, presidente ejecutivo del Instituto Costarricense de Puertos del Pac\u00edfico (Incop), ante la Comisi\u00f3n Especial Legislativa de la Provincia de Puntarenas. En su exposici\u00f3n dijo que esa terminal portuaria necesita nuevos equipos, construcci\u00f3n de [&hellip;]<\/p>\n","protected":false},"author":1,"featured_media":8028,"comment_status":"open","ping_status":"open","sticky":false,"template":"","format":"standard","meta":{"footnotes":""},"categories":[11],"tags":[158,267,268,269,114,20,41,123],"class_list":["post-8027","post","type-post","status-publish","format-standard","has-post-thumbnail","hentry","category-noticias","tag-4pl","tag-4pl-costa-rica","tag-4pl-el-salvador","tag-4pl-guatemala","tag-costa-rica","tag-el-salvador","tag-guatemala","tag-transporte-de-carga"],"aioseo_notices":[],"_links":{"self":[{"href":"https:\/\/www.4plcr.net\/en\/wp-json\/wp\/v2\/posts\/8027","targetHints":{"allow":["GET"]}}],"collection":[{"href":"https:\/\/www.4plcr.net\/en\/wp-json\/wp\/v2\/posts"}],"about":[{"href":"https:\/\/www.4plcr.net\/en\/wp-json\/wp\/v2\/types\/post"}],"author":[{"embeddable":true,"href":"https:\/\/www.4plcr.net\/en\/wp-json\/wp\/v2\/users\/1"}],"replies":[{"embeddable":true,"href":"https:\/\/www.4plcr.net\/en\/wp-json\/wp\/v2\/comments?post=8027"}],"version-history":[{"count":0,"href":"https:\/\/www.4plcr.net\/en\/wp-json\/wp\/v2\/posts\/8027\/revisions"}],"wp:featuredmedia":[{"embeddable":true,"href":"https:\/\/www.4plcr.net\/en\/wp-json\/wp\/v2\/media\/8028"}],"wp:attachment":[{"href":"https:\/\/www.4plcr.net\/en\/wp-json\/wp\/v2\/media?parent=8027"}],"wp:term":[{"taxonomy":"category","embeddable":true,"href":"https:\/\/www.4plcr.net\/en\/wp-json\/wp\/v2\/categories?post=8027"},{"taxonomy":"post_tag","embeddable":true,"href":"https:\/\/www.4plcr.net\/en\/wp-json\/wp\/v2\/tags?post=8027"}],"curies":[{"name":"wp","href":"https:\/\/api.w.org\/{rel}","templated":true}]}}