{"id":8017,"date":"2022-07-06T11:30:41","date_gmt":"2022-07-06T17:30:41","guid":{"rendered":"https:\/\/www.4plcr.net\/?p=8017"},"modified":"2022-07-06T11:30:41","modified_gmt":"2022-07-06T17:30:41","slug":"la-flota-mundial-de-portacontenedores-inactivos-se-contrae-ligeramente-2026","status":"publish","type":"post","link":"https:\/\/www.4plcr.net\/en\/la-flota-mundial-de-portacontenedores-inactivos-se-contrae-ligeramente-2026\/","title":{"rendered":"La flota mundial de portacontenedores inactivos se contrae ligeramente 2026"},"content":{"rendered":"<p>La flota mundial de portacontenedores inactivos se contrajo ligeramente en los \u00faltimos quince d\u00edas despu\u00e9s de que varios buques controlados por l\u00edneas navieras volvieran al mercado. Al 20 de junio, un total de 221 portacontenedores por un total de 876.658 TEUs estaban inactivos; se trata de dos buques m\u00e1s que quince d\u00edas antes, pero un descenso de la capacidad de 33.384 TEUs, report\u00f3 Alphaliner.<\/p>\n\n\n\n<p>Como resultado, el porcentaje global de la flota de portacontenedores inactivos volvi\u00f3 a caer desde su reciente m\u00e1ximo del 3,6% al 3,5%. Parece que el crecimiento casi constante de la flota inactiva observado desde febrero se ha detenido por ahora.<\/p>\n\n\n\n<p>Los buques comercialmente inactivos bajo el control de las l\u00edneas navieras marcaron el mayor descenso de la quincena. Unos 45 buques de 173.231 TEUs estaban inactivos al 20 de junio, lo que supone una reducci\u00f3n de un solo buque, pero un descenso de m\u00e1s de 48.000 TEUs despu\u00e9s de que varias naves de los segmentos de tama\u00f1o superior a 5.100 TEUs volvieran al servicio.<\/p>\n\n\n\n<p>En cambio, los buques comercialmente inactivos bajo control de propietarios no operadores (NOO) aumentaron ligeramente, de 12 a 15 buques, y de 19.426 TEUs a 29.047 TEUs. Sin embargo, como el mercado sigue ofreciendo excelentes desempe\u00f1os, los buques comercialmente inactivos siguen representando s\u00f3lo el 0,8% de la flota total de contenedores.<\/p>\n\n\n\n<p>Hubo pocos cambios netos en la capacidad de los portacontenedores en reparaci\u00f3n: el n\u00famero de buques inmovilizados en los astilleros baj\u00f3 de 165 a 161 unidades en los \u00faltimos quince d\u00edas, pero la capacidad aument\u00f3 ligeramente, de 669.236 a 674.380 TEUs.<\/p>\n\n\n\n<p>Los buques en reparaci\u00f3n representaron el 77% del total de la flota inactiva, frente al 74% de hace quince d\u00edas. Sin embargo, esto fue principalmente un reflejo de la disminuci\u00f3n de la capacidad comercialmente inactiva, que represent\u00f3 el 23% de la flota total inactiva frente al 26% en el momento del \u00faltimo informe de Alphaliner.<\/p>\n\n\n\n<p><strong>Para m\u00e1s informaci\u00f3n: <\/strong><a href=\"https:\/\/www.mundomaritimo.cl\/noticias\/la-flota-mundial-de-portacontenedores-inactivos-se-contrae-ligeramente\" target=\"_blank\" rel=\"noreferrer noopener\">https:\/\/www.mundomaritimo.cl\/noticias\/la-flota-mundial-de-portacontenedores-inactivos-se-contrae-ligeramente<\/a>\u00a0<\/p>","protected":false},"excerpt":{"rendered":"<p>La flota mundial de portacontenedores inactivos se contrajo ligeramente en los \u00faltimos quince d\u00edas despu\u00e9s de que varios buques controlados por l\u00edneas navieras volvieran al mercado. Al 20 de junio, un total de 221 portacontenedores por un total de 876.658 TEUs estaban inactivos; se trata de dos buques m\u00e1s que quince d\u00edas antes, pero un [&hellip;]<\/p>\n","protected":false},"author":1,"featured_media":8018,"comment_status":"open","ping_status":"open","sticky":false,"template":"","format":"standard","meta":{"footnotes":""},"categories":[11],"tags":[158,267,268,269,114,41,123],"class_list":["post-8017","post","type-post","status-publish","format-standard","has-post-thumbnail","hentry","category-noticias","tag-4pl","tag-4pl-costa-rica","tag-4pl-el-salvador","tag-4pl-guatemala","tag-costa-rica","tag-guatemala","tag-transporte-de-carga"],"aioseo_notices":[],"_links":{"self":[{"href":"https:\/\/www.4plcr.net\/en\/wp-json\/wp\/v2\/posts\/8017","targetHints":{"allow":["GET"]}}],"collection":[{"href":"https:\/\/www.4plcr.net\/en\/wp-json\/wp\/v2\/posts"}],"about":[{"href":"https:\/\/www.4plcr.net\/en\/wp-json\/wp\/v2\/types\/post"}],"author":[{"embeddable":true,"href":"https:\/\/www.4plcr.net\/en\/wp-json\/wp\/v2\/users\/1"}],"replies":[{"embeddable":true,"href":"https:\/\/www.4plcr.net\/en\/wp-json\/wp\/v2\/comments?post=8017"}],"version-history":[{"count":0,"href":"https:\/\/www.4plcr.net\/en\/wp-json\/wp\/v2\/posts\/8017\/revisions"}],"wp:featuredmedia":[{"embeddable":true,"href":"https:\/\/www.4plcr.net\/en\/wp-json\/wp\/v2\/media\/8018"}],"wp:attachment":[{"href":"https:\/\/www.4plcr.net\/en\/wp-json\/wp\/v2\/media?parent=8017"}],"wp:term":[{"taxonomy":"category","embeddable":true,"href":"https:\/\/www.4plcr.net\/en\/wp-json\/wp\/v2\/categories?post=8017"},{"taxonomy":"post_tag","embeddable":true,"href":"https:\/\/www.4plcr.net\/en\/wp-json\/wp\/v2\/tags?post=8017"}],"curies":[{"name":"wp","href":"https:\/\/api.w.org\/{rel}","templated":true}]}}