{"id":7979,"date":"2022-06-24T12:51:07","date_gmt":"2022-06-24T18:51:07","guid":{"rendered":"https:\/\/www.4plcr.net\/?p=7979"},"modified":"2022-06-24T12:51:07","modified_gmt":"2022-06-24T18:51:07","slug":"amazon-sufre-de-lleno-el-impacto-de-la-caida-del-dinamismo-del-e-commerce-tras-la-pandemia","status":"publish","type":"post","link":"https:\/\/www.4plcr.net\/en\/amazon-sufre-de-lleno-el-impacto-de-la-caida-del-dinamismo-del-e-commerce-tras-la-pandemia\/","title":{"rendered":"Amazon sufre de lleno el impacto de la ca\u00edda del dinamismo del e-commerce tras la pandemia"},"content":{"rendered":"<p>En medio de uno de los peores tramos de desempe\u00f1o financiero en la historia de Amazon, su nuevo CEO Andy Jassy est\u00e1 trabajando para reducir los excesos de su operaci\u00f3n de e-commerce que la compa\u00f1\u00eda expandi\u00f3 a un ritmo vertiginoso durante gran parte de la pandemia de COVID-19. Al mismo tiempo, est\u00e1 tratando de resucitar las ventas que languidecen en ese negocio e impulsar el crecimiento en otras divisiones, se\u00f1ala un reporte de WSJ. Gran parte de su esfuerzo tiene como objetivo revertir el curso de las iniciativas de e-commerce implementadas bajo el presidente ejecutivo de la compa\u00f1\u00eda Jeff Bezos, antes de que entregara las riendas en julio pasado.<\/p>\n\n\n\n<p>Bezos y otros ejecutivos dieron luz verde a una estrategia, guiada por un sistema de pron\u00f3stico interno llamado Tecnolog\u00eda de Optimizaci\u00f3n de la Cadena de Suministro (SCOT), que super\u00f3 las proyecciones a largo plazo de la demanda de Amazon. Sin embargo, a pesar de las primeras ideas entre los observadores de la industria sobre un cambio permanente en el comportamiento del consumidor, el crecimiento de las compras online impulsado por la pandemia se ha desacelerado a medida que las compras presenciales se han recuperado.<\/p>\n\n\n\n<p>Altos ejecutivos de Amazon familiarizados con la tecnolog\u00eda de pron\u00f3stico dijeron que \u00e9sta no estaba equipada para procesar un evento imprevisible como la pandemia y provoc\u00f3 que la empresa se comprometiera a construir almacenes e infraestructura que tardan entre 18 meses y dos a\u00f1os en estar en l\u00ednea.<\/p>\n\n\n\n<p>Al principio de la pandemia, Amazon vio un momento crucial para satisfacer la demanda y expandir su alcance de e-commerce. Abri\u00f3 cientos de nuevos almacenes, centros de clasificaci\u00f3n y otras instalaciones log\u00edsticas, y duplic\u00f3 su fuerza laboral desde 2020 hasta marzo pasado, a m\u00e1s de 1,6 millones de personas. Eso ayud\u00f3 al negocio durante un tiempo: Amazon fue uno de los mayores beneficiarios del auge tecnol\u00f3gico de la pandemia. Sus ingresos crecieron en un total de dos tercios entre 2020 y 2021, y sus ganancias casi se triplicaron. Cuando el virus retrocedi\u00f3, Amazon se qued\u00f3 con m\u00e1s capacidad planificada que pedidos, ya que la demanda no sigui\u00f3 el ritmo de la capacidad planificada.<\/p>\n\n\n\n<p>Amazon se\u00f1al\u00f3 que el exceso de espacio contribuir\u00eda a US$10.000 millones en costos adicionales en el primer semestre de 2022. El precio de las acciones de la compa\u00f1\u00eda ha ca\u00eddo m\u00e1s de un tercio durante la administraci\u00f3n de Jassy, \u200b\u200bborrando m\u00e1s de US$$600.000 millones en valor de mercado.&nbsp;<\/p>\n\n\n\n<p><strong>Para m\u00e1s informaci\u00f3n:<\/strong> <a href=\"https:\/\/www.mundomaritimo.cl\/noticias\/amazon-sufre-de-lleno-el-impacto-de-la-caida-del-dinamismo-del-e-commerce-tras-la-pandemia\" target=\"_blank\" rel=\"noreferrer noopener\">https:\/\/www.mundomaritimo.cl\/noticias\/amazon-sufre-de-lleno-el-impacto-de-la-caida-del-dinamismo-del-e-commerce-tras-la-pandemia<\/a>\u00a0<\/p>","protected":false},"excerpt":{"rendered":"<p>En medio de uno de los peores tramos de desempe\u00f1o financiero en la historia de Amazon, su nuevo CEO Andy Jassy est\u00e1 trabajando para reducir los excesos de su operaci\u00f3n de e-commerce que la compa\u00f1\u00eda expandi\u00f3 a un ritmo vertiginoso durante gran parte de la pandemia de COVID-19. Al mismo tiempo, est\u00e1 tratando de resucitar [&hellip;]<\/p>\n","protected":false},"author":1,"featured_media":7980,"comment_status":"open","ping_status":"open","sticky":false,"template":"","format":"standard","meta":{"footnotes":""},"categories":[11],"tags":[158,267,268,269,345,114,20,41,123],"class_list":["post-7979","post","type-post","status-publish","format-standard","has-post-thumbnail","hentry","category-noticias","tag-4pl","tag-4pl-costa-rica","tag-4pl-el-salvador","tag-4pl-guatemala","tag-amazon","tag-costa-rica","tag-el-salvador","tag-guatemala","tag-transporte-de-carga"],"aioseo_notices":[],"_links":{"self":[{"href":"https:\/\/www.4plcr.net\/en\/wp-json\/wp\/v2\/posts\/7979","targetHints":{"allow":["GET"]}}],"collection":[{"href":"https:\/\/www.4plcr.net\/en\/wp-json\/wp\/v2\/posts"}],"about":[{"href":"https:\/\/www.4plcr.net\/en\/wp-json\/wp\/v2\/types\/post"}],"author":[{"embeddable":true,"href":"https:\/\/www.4plcr.net\/en\/wp-json\/wp\/v2\/users\/1"}],"replies":[{"embeddable":true,"href":"https:\/\/www.4plcr.net\/en\/wp-json\/wp\/v2\/comments?post=7979"}],"version-history":[{"count":0,"href":"https:\/\/www.4plcr.net\/en\/wp-json\/wp\/v2\/posts\/7979\/revisions"}],"wp:featuredmedia":[{"embeddable":true,"href":"https:\/\/www.4plcr.net\/en\/wp-json\/wp\/v2\/media\/7980"}],"wp:attachment":[{"href":"https:\/\/www.4plcr.net\/en\/wp-json\/wp\/v2\/media?parent=7979"}],"wp:term":[{"taxonomy":"category","embeddable":true,"href":"https:\/\/www.4plcr.net\/en\/wp-json\/wp\/v2\/categories?post=7979"},{"taxonomy":"post_tag","embeddable":true,"href":"https:\/\/www.4plcr.net\/en\/wp-json\/wp\/v2\/tags?post=7979"}],"curies":[{"name":"wp","href":"https:\/\/api.w.org\/{rel}","templated":true}]}}