{"id":7923,"date":"2022-05-31T12:16:40","date_gmt":"2022-05-31T18:16:40","guid":{"rendered":"https:\/\/www.4plcr.net\/?p=7923"},"modified":"2022-05-31T12:16:40","modified_gmt":"2022-05-31T18:16:40","slug":"esbozos-de-una-recuperacion-de-la-logistica-maritima-latinoamericana-post-covid","status":"publish","type":"post","link":"https:\/\/www.4plcr.net\/en\/esbozos-de-una-recuperacion-de-la-logistica-maritima-latinoamericana-post-covid\/","title":{"rendered":"Esbozos de una recuperaci\u00f3n de la log\u00edstica mar\u00edtima latinoamericana post-Covid"},"content":{"rendered":"<p>La llegada de la pandemia signific\u00f3 intensos cambios en un corto plazo en la cadena log\u00edstica mar\u00edtima contenerizada, con efectos que se sienten hasta hoy y que incluyen nuevas aristas que se desprenden de las repercusiones de un fen\u00f3meno que ha ido evolucionando junto con el virus. Precisamente, esos efectos son los que se analizan en detalle en el documento \u201cInforme Portuario 2021: las primeras se\u00f1ales de recuperaci\u00f3n en el transporte mar\u00edtimo internacional v\u00eda contenedores de Am\u00e9rica Latina y el Caribe\u201d, presentado en mayo 2022 por la Comisi\u00f3n Econ\u00f3mica para Am\u00e9rica Latina y el Caribe CEPAL, al cual MundoMaritimo tuvo acceso exclusivo, y que busca presentar la evoluci\u00f3n y consecuencias del comportamiento del comercio en la regi\u00f3n y c\u00f3mo es que las disrupciones provocadas por el Covid-19 han afectado las importaciones y exportaciones de Am\u00e9rica Latina y el Caribe.<\/p>\n\n\n\n<p>Tras analizar los distintos pa\u00edses de la regi\u00f3n, tanto en la costa Atl\u00e1ntica como en el Pac\u00edfico, el reporte concluye que, aun cuando hay se\u00f1ales de recuperaci\u00f3n en toda Am\u00e9rica Latina y el Caribe, esta no se est\u00e1 dando de manera uniforme. \u201cEn t\u00e9rminos de comercio, algunas costas todav\u00eda no se recuperan a los niveles de 2019\u201d, especifica el documento, cuyos autores son Eliana P. Barleta y Ricardo J. S\u00e1nchez, experta en temas mar\u00edtimos y portuarios, y Jefe de la Unidad de Servicios de Infraestructura (USI) de la CEPAL, respectivamente.<\/p>\n\n\n\n<p>El punto de partida del estudio es la baja en la demanda de bienes de consumo en la regi\u00f3n, registrado al inicio de la pandemia, y que se ha prolongado hasta la fecha. Junto con la disminuci\u00f3n en el consumo de bienes, tambi\u00e9n se ha visto una merma en las capacidades industriales de los distintos pa\u00edses, que no cuentan con los insumos necesarios para producir, consumir o reexportar.<\/p>\n\n\n\n<p>\u201cLa competencia es el bien a preservar. Por ello, es dable sostener que la existencia de resguardos es m\u00e1s necesaria en un ambiente poco competitivo. El mejor regulador es la competencia, pero mientras \u00e9sta no sea suficiente, o existan limitaciones a su funcionamiento, como pareciera ser el caso, un conjunto de reglas permite incentivar un comportamiento socialmente m\u00e1s cercano al \u00f3ptimo,\u201d es parte de las conclusiones de los datos y tendencias analizadas, que se podr\u00edan ver beneficiadas con la existencia de \u201cumbrales m\u00e1ximos de integraci\u00f3n de usuarios relevantes, reglas contra la discriminaci\u00f3n, incentivos de tiempo de servicio y tiempos de espera\u201d.<\/p>\n\n\n\n<p>Los fletes al alza, que es la principal consecuencia del aumento desmedido de la demanda y la consiguiente escasez de capacidad, se yerguen como el principal problema para las econom\u00edas m\u00e1s d\u00e9biles de la regi\u00f3n, encareciendo el precio de los bienes de consumo e impactando en el desarrollo industrial y social.<\/p>\n\n\n\n<p><strong>Para m\u00e1s informaci\u00f3n:<\/strong> <a href=\"https:\/\/www.mundomaritimo.cl\/noticias\/esbozos-de-una-recuperacion-de-la-logistica-maritima-latinoamericana-post-covid\">https:\/\/www.mundomaritimo.cl\/noticias\/esbozos-de-una-recuperacion-de-la-logistica-maritima-latinoamericana-post-covid<\/a><\/p>","protected":false},"excerpt":{"rendered":"<p>La llegada de la pandemia signific\u00f3 intensos cambios en un corto plazo en la cadena log\u00edstica mar\u00edtima contenerizada, con efectos que se sienten hasta hoy y que incluyen nuevas aristas que se desprenden de las repercusiones de un fen\u00f3meno que ha ido evolucionando junto con el virus. Precisamente, esos efectos son los que se analizan [&hellip;]<\/p>\n","protected":false},"author":1,"featured_media":7459,"comment_status":"open","ping_status":"open","sticky":false,"template":"","format":"standard","meta":{"footnotes":""},"categories":[11],"tags":[158,267,268,269,114,82,20,41],"class_list":["post-7923","post","type-post","status-publish","format-standard","has-post-thumbnail","hentry","category-noticias","tag-4pl","tag-4pl-costa-rica","tag-4pl-el-salvador","tag-4pl-guatemala","tag-costa-rica","tag-covid-19","tag-el-salvador","tag-guatemala"],"aioseo_notices":[],"_links":{"self":[{"href":"https:\/\/www.4plcr.net\/en\/wp-json\/wp\/v2\/posts\/7923","targetHints":{"allow":["GET"]}}],"collection":[{"href":"https:\/\/www.4plcr.net\/en\/wp-json\/wp\/v2\/posts"}],"about":[{"href":"https:\/\/www.4plcr.net\/en\/wp-json\/wp\/v2\/types\/post"}],"author":[{"embeddable":true,"href":"https:\/\/www.4plcr.net\/en\/wp-json\/wp\/v2\/users\/1"}],"replies":[{"embeddable":true,"href":"https:\/\/www.4plcr.net\/en\/wp-json\/wp\/v2\/comments?post=7923"}],"version-history":[{"count":0,"href":"https:\/\/www.4plcr.net\/en\/wp-json\/wp\/v2\/posts\/7923\/revisions"}],"wp:featuredmedia":[{"embeddable":true,"href":"https:\/\/www.4plcr.net\/en\/wp-json\/wp\/v2\/media\/7459"}],"wp:attachment":[{"href":"https:\/\/www.4plcr.net\/en\/wp-json\/wp\/v2\/media?parent=7923"}],"wp:term":[{"taxonomy":"category","embeddable":true,"href":"https:\/\/www.4plcr.net\/en\/wp-json\/wp\/v2\/categories?post=7923"},{"taxonomy":"post_tag","embeddable":true,"href":"https:\/\/www.4plcr.net\/en\/wp-json\/wp\/v2\/tags?post=7923"}],"curies":[{"name":"wp","href":"https:\/\/api.w.org\/{rel}","templated":true}]}}