{"id":7886,"date":"2022-05-12T12:37:07","date_gmt":"2022-05-12T18:37:07","guid":{"rendered":"https:\/\/www.4plcr.net\/?p=7886"},"modified":"2022-05-12T12:37:07","modified_gmt":"2022-05-12T18:37:07","slug":"iata-aerolineas-de-latinoamerica-registran-aumento-del-221-en-los-volumenes-de-carga-en-marzo-del-2022","status":"publish","type":"post","link":"https:\/\/www.4plcr.net\/en\/iata-aerolineas-de-latinoamerica-registran-aumento-del-221-en-los-volumenes-de-carga-en-marzo-del-2022\/","title":{"rendered":"IATA: Aerol\u00edneas de Latinoam\u00e9rica registran aumento del 22,1% en los vol\u00famenes de carga en marzo del 2022"},"content":{"rendered":"<p>La Asociaci\u00f3n Internacional de Transporte A\u00e9reo (IATA) public\u00f3 los datos de marzo de 2022 de los mercados mundiales de carga a\u00e9rea, que muestran un descenso de la demanda. Los efectos de Omicron en Asia, la guerra entre Rusia y Ucrania y un contexto operativo dif\u00edcil contribuyeron al descenso. Sin embargo, las l\u00edneas a\u00e9reas latinoamericanas informaron de un aumento del 22,1% en los vol\u00famenes de carga en marzo de 2022 en comparaci\u00f3n con el per\u00edodo de 2021. Este fue el desempe\u00f1o m\u00e1s fuerte de todas las regiones.<\/p>\n\n\n\n<p>Algunas de las mayores aerol\u00edneas de la regi\u00f3n de Latinoam\u00e9rica se est\u00e1n beneficiando del fin de los procesos de quiebra. La capacidad en marzo aument\u00f3 un 34,9% en comparaci\u00f3n con el mismo mes de 2021.<\/p>\n\n\n\n<p>Respecto a la demanda global, medida en toneladas-kil\u00f3metro de carga (CTKs*), cay\u00f3 un 5,2% en comparaci\u00f3n con marzo de 2021 (-5,4% para las operaciones internacionales). La capacidad fue un 1,2% superior a la de marzo de 2021 (+2,6% para las operaciones internacionales). Aunque esto est\u00e1 en el territorio positivo del gr\u00e1fico, es un descenso significativo desde el aumento interanual del 11,2% en febrero. Asia y Europa experimentaron las mayores ca\u00eddas de capacidad.<\/p>\n\n\n\n<p>La guerra en Ucrania provoc\u00f3 una ca\u00edda de la capacidad de carga utilizada para servir a Europa, ya que varias aerol\u00edneas basadas en Rusia y Ucrania eran actores clave de la carga. Las sanciones contra Rusia provocaron interrupciones en la fabricaci\u00f3n. Y el aumento de los precios del petr\u00f3leo est\u00e1 teniendo un impacto econ\u00f3mico negativo, incluyendo el aumento de los costos del transporte mar\u00edtimo.<\/p>\n\n\n\n<p>Los nuevos pedidos de exportaci\u00f3n, un indicador adelantado de la demanda de carga, se est\u00e1n reduciendo en todos los mercados, excepto en EE.UU. El indicador del \u00cdndice de Gesti\u00f3n de Compras (PMI) que sigue los nuevos pedidos de exportaci\u00f3n a nivel mundial cay\u00f3 a 48,2 en marzo. Fue el m\u00e1s bajo desde julio de 2020.<\/p>\n\n\n\n<p>El comercio mundial de bienes ha seguido disminuyendo en 2022, con un crecimiento m\u00e1s lento de la econom\u00eda china debido a los bloqueos relacionados con la COVID-19 (entre otros factores); y a las interrupciones de la cadena de suministro amplificadas por la guerra en Ucrania.<\/p>\n\n\n\n<p>La inflaci\u00f3n general de los precios al consumo de los pa\u00edses del G7 se situ\u00f3 en febrero de 2022 en el 6,3% interanual, la m\u00e1s alta desde 1982.<\/p>\n\n\n\n<p><strong>Para m\u00e1s informaci\u00f3n:<\/strong> <a href=\"https:\/\/www.mundomaritimo.cl\/noticias\/iata-aerolineas-de-latinoamerica-registran-aumento-del-221-en-los-volumenes-de-carga-en-marzo-del-2022\" target=\"_blank\" rel=\"noreferrer noopener\">https:\/\/www.mundomaritimo.cl\/noticias\/iata-aerolineas-de-latinoamerica-registran-aumento-del-221-en-los-volumenes-de-carga-en-marzo-del-2022<\/a>\u00a0<\/p>","protected":false},"excerpt":{"rendered":"<p>La Asociaci\u00f3n Internacional de Transporte A\u00e9reo (IATA) public\u00f3 los datos de marzo de 2022 de los mercados mundiales de carga a\u00e9rea, que muestran un descenso de la demanda. Los efectos de Omicron en Asia, la guerra entre Rusia y Ucrania y un contexto operativo dif\u00edcil contribuyeron al descenso. Sin embargo, las l\u00edneas a\u00e9reas latinoamericanas informaron [&hellip;]<\/p>\n","protected":false},"author":1,"featured_media":7887,"comment_status":"open","ping_status":"open","sticky":false,"template":"","format":"standard","meta":{"footnotes":""},"categories":[11],"tags":[158,267,268,269,114,20,41,123],"class_list":["post-7886","post","type-post","status-publish","format-standard","has-post-thumbnail","hentry","category-noticias","tag-4pl","tag-4pl-costa-rica","tag-4pl-el-salvador","tag-4pl-guatemala","tag-costa-rica","tag-el-salvador","tag-guatemala","tag-transporte-de-carga"],"aioseo_notices":[],"_links":{"self":[{"href":"https:\/\/www.4plcr.net\/en\/wp-json\/wp\/v2\/posts\/7886","targetHints":{"allow":["GET"]}}],"collection":[{"href":"https:\/\/www.4plcr.net\/en\/wp-json\/wp\/v2\/posts"}],"about":[{"href":"https:\/\/www.4plcr.net\/en\/wp-json\/wp\/v2\/types\/post"}],"author":[{"embeddable":true,"href":"https:\/\/www.4plcr.net\/en\/wp-json\/wp\/v2\/users\/1"}],"replies":[{"embeddable":true,"href":"https:\/\/www.4plcr.net\/en\/wp-json\/wp\/v2\/comments?post=7886"}],"version-history":[{"count":0,"href":"https:\/\/www.4plcr.net\/en\/wp-json\/wp\/v2\/posts\/7886\/revisions"}],"wp:featuredmedia":[{"embeddable":true,"href":"https:\/\/www.4plcr.net\/en\/wp-json\/wp\/v2\/media\/7887"}],"wp:attachment":[{"href":"https:\/\/www.4plcr.net\/en\/wp-json\/wp\/v2\/media?parent=7886"}],"wp:term":[{"taxonomy":"category","embeddable":true,"href":"https:\/\/www.4plcr.net\/en\/wp-json\/wp\/v2\/categories?post=7886"},{"taxonomy":"post_tag","embeddable":true,"href":"https:\/\/www.4plcr.net\/en\/wp-json\/wp\/v2\/tags?post=7886"}],"curies":[{"name":"wp","href":"https:\/\/api.w.org\/{rel}","templated":true}]}}