{"id":7881,"date":"2022-05-10T12:52:28","date_gmt":"2022-05-10T18:52:28","guid":{"rendered":"https:\/\/www.4plcr.net\/?p=7881"},"modified":"2022-05-10T12:52:28","modified_gmt":"2022-05-10T18:52:28","slug":"flota-inactiva-de-portacontenedores-continuo-su-tendencia-ascendente-a-fines-de-abril","status":"publish","type":"post","link":"https:\/\/www.4plcr.net\/en\/flota-inactiva-de-portacontenedores-continuo-su-tendencia-ascendente-a-fines-de-abril\/","title":{"rendered":"Flota inactiva de portacontenedores continu\u00f3 su tendencia ascendente a fines de abril"},"content":{"rendered":"<p>La flota mundial de portacontenedores inactivos continu\u00f3 su tendencia ascendente a fines de abril, a pesar de la proximidad de la temporada alta de verano (septentrional). Durante los \u00faltimos quince d\u00edas, la flota se increment\u00f3 en todos los segmentos, excepto en las clases de buques de 1.000-2.000 TEUs y 3.000-5.100 TEUs, inform\u00f3 Alphaliner.<\/p>\n\n\n\n<p>Seg\u00fan la \u00faltima encuesta de Alphaliner del 25 de abril, se registraron 208 buques con una capacidad combinada de 848.511 TEUs como inactivos. Esto representa el 3,4% de toda la capacidad de la flota mundial por unidad. Aunque sigue siendo bajo en un contexto m\u00e1s amplio, este porcentaje marca un nuevo peak desde finales de 2020. En comparaci\u00f3n con la encuesta anterior de mediados de marzo, la inactividad de los buques aument\u00f3 moderadamente en diez buques y 91.926 TEUs.<\/p>\n\n\n\n<p>Una gran parte de este aumento provino de algunos buques de mayor tama\u00f1o que fueron acudieron a reparaciones. Esta cifra incluye a los buques que esperan su pr\u00f3ximo turno en el dique seco y los que esperan entrar en servicio despu\u00e9s de este procedimiento.<\/p>\n\n\n\n<p>Los buques que se encuentran en los astilleros de reparaci\u00f3n siguen dominando la flota inactiva con un 74%. En las dos \u00faltimas semanas, se ha producido un aumento de 13 buques y un total combinado de 49.287 TEUs de capacidad. El n\u00famero total de buques en dique seco se situ\u00f3 en 156 buques totalizando 625.219 TEUs.<\/p>\n\n\n\n<p>El segmento \u00abcomercialmente inactivo\u00bb se mantuvo estable con una disminuci\u00f3n de tres buques. En t\u00e9rminos de capacidad, el segmento aument\u00f3 ligeramente en 19.396 TEUs, para situarse en 52 unidades de 223.292 TEUs al 25 de abril.<\/p>\n\n\n\n<p>De esta capacidad ociosa, el n\u00famero de buques bajo control de l\u00edneas navieras disminuy\u00f3 en un solo buque, pero aument\u00f3 en 50.535 TEUs en t\u00e9rminos de capacidad para alcanzar 40 unidades con un total combinado de 209.080 TEUs.<\/p>\n\n\n\n<p>Mientras tanto, la capacidad inactiva de armadores no operadores se situ\u00f3 en 12 buques que totalizan 14.212 TEUs, lo que supone un descenso de dos buques y de 7.896 TEUs en comparaci\u00f3n con el estudio anterior. Esto represent\u00f3 s\u00f3lo el 6% de la capacidad total de los buques comercialmente ociosos, el nivel m\u00e1s bajo registrado desde fines de 2020.<\/p>\n\n\n\n<p><strong>Para m\u00e1s informaci\u00f3n:<\/strong> <a href=\"https:\/\/www.mundomaritimo.cl\/noticias\/flota-inactiva-de-portacontenedores-continuo-su-tendencia-ascendente-a-fines-de-abril\" target=\"_blank\" rel=\"noreferrer noopener\">https:\/\/www.mundomaritimo.cl\/noticias\/flota-inactiva-de-portacontenedores-continuo-su-tendencia-ascendente-a-fines-de-abril<\/a><\/p>","protected":false},"excerpt":{"rendered":"<p>La flota mundial de portacontenedores inactivos continu\u00f3 su tendencia ascendente a fines de abril, a pesar de la proximidad de la temporada alta de verano (septentrional). Durante los \u00faltimos quince d\u00edas, la flota se increment\u00f3 en todos los segmentos, excepto en las clases de buques de 1.000-2.000 TEUs y 3.000-5.100 TEUs, inform\u00f3 Alphaliner. Seg\u00fan la [&hellip;]<\/p>\n","protected":false},"author":1,"featured_media":7113,"comment_status":"open","ping_status":"open","sticky":false,"template":"","format":"standard","meta":{"footnotes":""},"categories":[11],"tags":[158,267,268,269,114,20,41,123],"class_list":["post-7881","post","type-post","status-publish","format-standard","has-post-thumbnail","hentry","category-noticias","tag-4pl","tag-4pl-costa-rica","tag-4pl-el-salvador","tag-4pl-guatemala","tag-costa-rica","tag-el-salvador","tag-guatemala","tag-transporte-de-carga"],"aioseo_notices":[],"_links":{"self":[{"href":"https:\/\/www.4plcr.net\/en\/wp-json\/wp\/v2\/posts\/7881","targetHints":{"allow":["GET"]}}],"collection":[{"href":"https:\/\/www.4plcr.net\/en\/wp-json\/wp\/v2\/posts"}],"about":[{"href":"https:\/\/www.4plcr.net\/en\/wp-json\/wp\/v2\/types\/post"}],"author":[{"embeddable":true,"href":"https:\/\/www.4plcr.net\/en\/wp-json\/wp\/v2\/users\/1"}],"replies":[{"embeddable":true,"href":"https:\/\/www.4plcr.net\/en\/wp-json\/wp\/v2\/comments?post=7881"}],"version-history":[{"count":0,"href":"https:\/\/www.4plcr.net\/en\/wp-json\/wp\/v2\/posts\/7881\/revisions"}],"wp:featuredmedia":[{"embeddable":true,"href":"https:\/\/www.4plcr.net\/en\/wp-json\/wp\/v2\/media\/7113"}],"wp:attachment":[{"href":"https:\/\/www.4plcr.net\/en\/wp-json\/wp\/v2\/media?parent=7881"}],"wp:term":[{"taxonomy":"category","embeddable":true,"href":"https:\/\/www.4plcr.net\/en\/wp-json\/wp\/v2\/categories?post=7881"},{"taxonomy":"post_tag","embeddable":true,"href":"https:\/\/www.4plcr.net\/en\/wp-json\/wp\/v2\/tags?post=7881"}],"curies":[{"name":"wp","href":"https:\/\/api.w.org\/{rel}","templated":true}]}}