{"id":7833,"date":"2022-04-18T09:14:00","date_gmt":"2022-04-18T15:14:00","guid":{"rendered":"https:\/\/www.4plcr.net\/?p=7833"},"modified":"2022-04-18T09:14:00","modified_gmt":"2022-04-18T15:14:00","slug":"proponen-emular-a-la-union-europea-con-una-gran-zona-de-libre-comercio-en-america-latina","status":"publish","type":"post","link":"https:\/\/www.4plcr.net\/en\/proponen-emular-a-la-union-europea-con-una-gran-zona-de-libre-comercio-en-america-latina\/","title":{"rendered":"Proponen emular a la Uni\u00f3n Europea con una \u00abgran zona de libre comercio\u00bb en Am\u00e9rica Latina"},"content":{"rendered":"<p>El presidente de Ecuador, el centroderechista Guillermo Lasso, propuso este lunes, al comparecer junto a su par argentino, Alberto Fern\u00e1ndez, crear en Am\u00e9rica Latina \u00abuna gran zona de libre comercio\u00bb para poder negociar con otras regiones del mundo de una manera \u00abm\u00e1s potente\u00bb.<\/p>\n\n\n\n<p>Ambos presidentes hablaron ante la prensa tras mantener una reuni\u00f3n bilateral en la Casa Rosada, en Buenos Aires, en la que, entre otros asuntos, conversaron sobre la Comunidad de Estados Latinoamericanos y Caribe\u00f1os (Celac), que preside Argentina durante 2022.<\/p>\n\n\n\n<p>\u00abHemos coincidido en cuanto a la Celac, que es un organismo multilateral que pude servir de plataforma para reconstruir esa unidad de Am\u00e9rica Latina y caribe en la que coincidimos plenamente\u00bb, se\u00f1al\u00f3 Lasso.<\/p>\n\n\n\n<p>Una unidad que, seg\u00fan agreg\u00f3, \u00abno necesariamente\u00bb se basa en \u00abunanimidad de conceptos o unanimidad de ideas\u00bb, sino donde se sepa manejar las diferencias \u00aben un ambiente de di\u00e1logo\u00bb que apunte a la prosperidad de los pueblos.<\/p>\n\n\n\n<p>\u00abEn noviembre del a\u00f1o pasado tuve la oportunidad de plantear al Celac una visi\u00f3n un poco pr\u00e1ctica en el sentido de que si quisi\u00e9ramos emular a la UE, el primer paso que tenemos que dar es una gran zona de libre comercio para poder tener una mayor fuerza y poder negociar con otras regiones del mundo de una manera m\u00e1s potente todos unidos en Am\u00e9rica Latina y el Caribe\u00bb, remarc\u00f3.<\/p>\n\n\n\n<p>Por su parte, Fern\u00e1ndez, consultado por un periodista acerca de si el Mercado Com\u00fan del Sur, integrado por Brasil, Argentina, Paraguay y Uruguay, podr\u00eda considerar sumar a otras naciones, se mostr\u00f3 tajante: \u00abEl Mercosur es un mercado que funciona. Su ampliaci\u00f3n, o incluir a otros miembros en el mercado es una definici\u00f3n que me excede y que en todo caso deberemos hablar con los pa\u00edses miembros del Mercosur\u00bb.<\/p>\n\n\n\n<p>En su intervenci\u00f3n, el argentino, de perfil progresista, tambi\u00e9n abog\u00f3 por la unidad latinoamericana y asegur\u00f3 que comparte con Lasso una mirada com\u00fan sobre lo que la regi\u00f3n necesita. \u00abLe propuse que juntos, dos presidentes que no pensamos exactamente igual, podamos proponerle a toda Am\u00e9rica Latina y Caribe empezar hoy un programa de fraternidad que nos permita a todos volver a lograr los v\u00ednculos plenos que, por imperio de los tiempos que nos precedieron, se fueron rompiendo y quebrando y que hoy necesitamos volver a recuperar\u00bb, se\u00f1al\u00f3 Fern\u00e1ndez.<\/p>\n\n\n\n<p><strong>Para m\u00e1s informaci\u00f3n:<\/strong> <a href=\"https:\/\/revistasumma.com\/proponen-emular-a-la-union-europea-con-una-gran-zona-de-libre-comercio-en-america-latina\/\" target=\"_blank\" rel=\"noreferrer noopener\">https:\/\/revistasumma.com\/proponen-emular-a-la-union-europea-con-una-gran-zona-de-libre-comercio-en-america-latina\/<\/a><\/p>","protected":false},"excerpt":{"rendered":"<p>El presidente de Ecuador, el centroderechista Guillermo Lasso, propuso este lunes, al comparecer junto a su par argentino, Alberto Fern\u00e1ndez, crear en Am\u00e9rica Latina \u00abuna gran zona de libre comercio\u00bb para poder negociar con otras regiones del mundo de una manera \u00abm\u00e1s potente\u00bb. Ambos presidentes hablaron ante la prensa tras mantener una reuni\u00f3n bilateral en [&hellip;]<\/p>\n","protected":false},"author":1,"featured_media":7834,"comment_status":"open","ping_status":"open","sticky":false,"template":"","format":"standard","meta":{"footnotes":""},"categories":[11],"tags":[158,267,268,269,114,340,20,41],"class_list":["post-7833","post","type-post","status-publish","format-standard","has-post-thumbnail","hentry","category-noticias","tag-4pl","tag-4pl-costa-rica","tag-4pl-el-salvador","tag-4pl-guatemala","tag-costa-rica","tag-ecuador","tag-el-salvador","tag-guatemala"],"aioseo_notices":[],"_links":{"self":[{"href":"https:\/\/www.4plcr.net\/en\/wp-json\/wp\/v2\/posts\/7833","targetHints":{"allow":["GET"]}}],"collection":[{"href":"https:\/\/www.4plcr.net\/en\/wp-json\/wp\/v2\/posts"}],"about":[{"href":"https:\/\/www.4plcr.net\/en\/wp-json\/wp\/v2\/types\/post"}],"author":[{"embeddable":true,"href":"https:\/\/www.4plcr.net\/en\/wp-json\/wp\/v2\/users\/1"}],"replies":[{"embeddable":true,"href":"https:\/\/www.4plcr.net\/en\/wp-json\/wp\/v2\/comments?post=7833"}],"version-history":[{"count":0,"href":"https:\/\/www.4plcr.net\/en\/wp-json\/wp\/v2\/posts\/7833\/revisions"}],"wp:featuredmedia":[{"embeddable":true,"href":"https:\/\/www.4plcr.net\/en\/wp-json\/wp\/v2\/media\/7834"}],"wp:attachment":[{"href":"https:\/\/www.4plcr.net\/en\/wp-json\/wp\/v2\/media?parent=7833"}],"wp:term":[{"taxonomy":"category","embeddable":true,"href":"https:\/\/www.4plcr.net\/en\/wp-json\/wp\/v2\/categories?post=7833"},{"taxonomy":"post_tag","embeddable":true,"href":"https:\/\/www.4plcr.net\/en\/wp-json\/wp\/v2\/tags?post=7833"}],"curies":[{"name":"wp","href":"https:\/\/api.w.org\/{rel}","templated":true}]}}