{"id":7830,"date":"2022-04-15T10:40:52","date_gmt":"2022-04-15T16:40:52","guid":{"rendered":"https:\/\/www.4plcr.net\/?p=7830"},"modified":"2022-04-15T10:40:52","modified_gmt":"2022-04-15T16:40:52","slug":"el-salvador-reporta-crecimiento-historico-del-26-1-de-las-exportaciones-durante-el-2021-15-de-abril-el-salvador","status":"publish","type":"post","link":"https:\/\/www.4plcr.net\/en\/el-salvador-reporta-crecimiento-historico-del-26-1-de-las-exportaciones-durante-el-2021-15-de-abril-el-salvador\/","title":{"rendered":"El Salvador reporta crecimiento hist\u00f3rico del 26.1 % de las exportaciones durante el 2021 (15 de Abril, El Salvador)\u00a0"},"content":{"rendered":"<p>El Gobierno del Presidente Nayib Bukele inform\u00f3 que las exportaciones de El Salvador experimentaron un crecimiento hist\u00f3rico, gracias a la demanda de los productos salvadore\u00f1os en los principales socios comerciales a escala mundial, adem\u00e1s de las proyecciones de crecimiento econ\u00f3mico para el 2022.<\/p>\n\n\n\n<p>\u201cLas exportaciones tuvieron un crecimiento hist\u00f3rico de un 26.1 % y una participaci\u00f3n del 29.5 % del PIB registrado por el mayor dinamismo que han tenido la demanda de los productos salvadore\u00f1os en nuestros principales socios comerciales\u201d, detall\u00f3 el presidente del Banco Central de Reserva de El Salvador (BCR), Douglas Rodr\u00edguez.<\/p>\n\n\n\n<p>El funcionario agreg\u00f3 que los productos de origen industrial crecieron 32.7 % y se dio un aumento del 36.7 % en las exportaciones de servicios salvadore\u00f1os. Adem\u00e1s, destac\u00f3 en este sentido que la industria manufacturera creci\u00f3 12.2 %; siendo uno de los factores claves de su crecimiento la mayor demanda de los bienes y productos exportados. Esto contrasta con el 2020, a\u00f1o de grave crisis mundial por causa de la pandemia por COVID-19, y en la que el pa\u00eds retrocedi\u00f3 en las exportaciones hasta -21.2 %.<\/p>\n\n\n\n<p>El crecimiento de las exportaciones en 2021 denota que el Gobierno del Presidente Bukele fue certero en la aplicaci\u00f3n de medidas de contenci\u00f3n del coronavirus con la implementaci\u00f3n de planes en favor de la vida y salud de la poblaci\u00f3n salvadore\u00f1a como los tamizajes comunitarios, aplicaci\u00f3n de dosis anti-COVID-19, mejoras y modernizaci\u00f3n del Hospital El Salvador, entre otros.<\/p>\n\n\n\n<p>El 2021, la econom\u00eda salvadore\u00f1a creci\u00f3 10.3 %, resultado con el cual se logr\u00f3 recuperar y superar los niveles de producci\u00f3n observados previo al inicio de la pandemia. El BCR, en 2022 proyecta un crecimiento econ\u00f3mico de 3.2 %. \u201cA\u00fan con todas las crisis internacionales (actuales), El Salvador se posiciona como un pa\u00eds con un crecimiento econ\u00f3mico mayor de los registrados en las \u00faltimas dos d\u00e9cadas\u201d, agreg\u00f3 Rodr\u00edguez.<\/p>\n\n\n\n<p><strong>Para m\u00e1s informaci\u00f3n:<\/strong> <a href=\"https:\/\/revistasumma.com\/el-salvador-reporta-crecimiento-historico-del-26-1-de-las-exportaciones-durante-el-2021\/\" target=\"_blank\" rel=\"noreferrer noopener\">https:\/\/revistasumma.com\/el-salvador-reporta-crecimiento-historico-del-26-1-de-las-exportaciones-durante-el-2021\/<\/a>\u00a0<\/p>","protected":false},"excerpt":{"rendered":"<p>El Gobierno del Presidente Nayib Bukele inform\u00f3 que las exportaciones de El Salvador experimentaron un crecimiento hist\u00f3rico, gracias a la demanda de los productos salvadore\u00f1os en los principales socios comerciales a escala mundial, adem\u00e1s de las proyecciones de crecimiento econ\u00f3mico para el 2022. \u201cLas exportaciones tuvieron un crecimiento hist\u00f3rico de un 26.1 % y una [&hellip;]<\/p>\n","protected":false},"author":1,"featured_media":7831,"comment_status":"open","ping_status":"open","sticky":false,"template":"","format":"standard","meta":{"footnotes":""},"categories":[11],"tags":[267,268,269,114,20,399,41,123],"class_list":["post-7830","post","type-post","status-publish","format-standard","has-post-thumbnail","hentry","category-noticias","tag-4pl-costa-rica","tag-4pl-el-salvador","tag-4pl-guatemala","tag-costa-rica","tag-el-salvador","tag-exportaciones-del-salvador","tag-guatemala","tag-transporte-de-carga"],"aioseo_notices":[],"_links":{"self":[{"href":"https:\/\/www.4plcr.net\/en\/wp-json\/wp\/v2\/posts\/7830","targetHints":{"allow":["GET"]}}],"collection":[{"href":"https:\/\/www.4plcr.net\/en\/wp-json\/wp\/v2\/posts"}],"about":[{"href":"https:\/\/www.4plcr.net\/en\/wp-json\/wp\/v2\/types\/post"}],"author":[{"embeddable":true,"href":"https:\/\/www.4plcr.net\/en\/wp-json\/wp\/v2\/users\/1"}],"replies":[{"embeddable":true,"href":"https:\/\/www.4plcr.net\/en\/wp-json\/wp\/v2\/comments?post=7830"}],"version-history":[{"count":0,"href":"https:\/\/www.4plcr.net\/en\/wp-json\/wp\/v2\/posts\/7830\/revisions"}],"wp:featuredmedia":[{"embeddable":true,"href":"https:\/\/www.4plcr.net\/en\/wp-json\/wp\/v2\/media\/7831"}],"wp:attachment":[{"href":"https:\/\/www.4plcr.net\/en\/wp-json\/wp\/v2\/media?parent=7830"}],"wp:term":[{"taxonomy":"category","embeddable":true,"href":"https:\/\/www.4plcr.net\/en\/wp-json\/wp\/v2\/categories?post=7830"},{"taxonomy":"post_tag","embeddable":true,"href":"https:\/\/www.4plcr.net\/en\/wp-json\/wp\/v2\/tags?post=7830"}],"curies":[{"name":"wp","href":"https:\/\/api.w.org\/{rel}","templated":true}]}}