{"id":7813,"date":"2022-04-08T12:31:02","date_gmt":"2022-04-08T18:31:02","guid":{"rendered":"https:\/\/www.4plcr.net\/?p=7813"},"modified":"2022-04-08T12:31:02","modified_gmt":"2022-04-08T18:31:02","slug":"clave-fiscal-un-alivio-tributario-temporal-para-altos-fletes-maritimo","status":"publish","type":"post","link":"https:\/\/www.4plcr.net\/en\/clave-fiscal-un-alivio-tributario-temporal-para-altos-fletes-maritimo\/","title":{"rendered":"Clave Fiscal: Un alivio tributario temporal para altos fletes mar\u00edtimo"},"content":{"rendered":"<p>El 30 de marzo del a\u00f1o en curso entr\u00f3 a regir la Ley de Alivio Temporal por Costos de Transportes Mar\u00edtimo para las Importaciones Nacionales, con el Fin de Mitigar la Crisis de los Contenedores (10.162). Como bien su nombre lo indica, esta norma lo que busca es mitigar, en parte, el impacto de las fuertes alzas en precios que han venido mostrando los fletes mar\u00edtimos a nivel internacional, la cual es una situaci\u00f3n que ha generado una afectaci\u00f3n generalizada en el comercio exterior y de la cual nuestro pa\u00eds no escapa.<\/p>\n\n\n\n<p>Esta ley permite en esencia que se puedan utilizar valores predefinidos o promedios hist\u00f3ricos al momento de realizar el Documento \u00danico Aduanero (DUA) de Importaci\u00f3n Definitiva, para que, con base en dichos valores ya fijados v\u00eda ley o los promedios hist\u00f3ricos de fletes mar\u00edtimos se determinen los tributos a pagar al momento de la nacionalizaci\u00f3n.<\/p>\n\n\n\n<p>Por lo anterior, un repaso r\u00e1pido de dicha ley amerita tomar en consideraci\u00f3n lo siguiente:<\/p>\n\n\n\n<ul class=\"wp-block-list\"><li>La ley contempla los valores fijados o mecanismos de determinaci\u00f3n del valor del flete a emplear al momento de realizar la determinaci\u00f3n de la obligaci\u00f3n tributaria aduanera, lo cual genera una disminuci\u00f3n en el pago de los tributos aduaneros a la hora de nacionalizar mercanc\u00edas.<\/li><li>Se contempla una modalidad de valores hist\u00f3ricos a utilizar para las mercanc\u00edas que viajan en contenedores. En relaci\u00f3n con esta modalidad, la ley de comentario ya presenta una tabla con los valores correspondientes por pa\u00eds o regi\u00f3n de procedencia sobre la cual se ha de fijar dicho flete mar\u00edtimo.<\/li><li>Se contempla asimismo una modalidad diferenciada cuando se trate de mercanc\u00edas que viajen a granel. En este caso la ley fij\u00f3 como un par\u00e1metro la utilizaci\u00f3n del valor hist\u00f3rico promedio vigente para el a\u00f1o 2019 o bien el valor real del flete si este \u00faltimo resulta m\u00e1s bajo.<\/li><li>Los valores predefinidos resultan de aplicaci\u00f3n aun cuando se trate de carga consolidada.<\/li><li>Quiz\u00e1s lo m\u00e1s importante, es tomar en consideraci\u00f3n que la duraci\u00f3n de estas medidas ser\u00e1 de un a\u00f1o, plazo que comenz\u00f3 a correr a partir de la vigencia de la ley, sea desde el 30 de marzo del a\u00f1o 2022.<\/li><\/ul>\n\n\n\n<p>Desde luego que existen otros detalles importantes qu\u00e9 considerar de dicha ley, pero a modo de resumen es importante rescatar que contamos ya con una medida de mitigaci\u00f3n tributaria aduanera que desde luego deber\u00e1 reflejar un impacto positivo en lo que al costo de la vida corresponde, por lo menos en relaci\u00f3n con lo que es el acceso a bienes importados o producidos con materias primas importadas.<\/p>\n\n\n\n<p><strong>Para m\u00e1s informaci\u00f3n:<\/strong> <a href=\"https:\/\/www.nacion.com\/economia\/clave-fiscal-un-alivio-tributario-temporal-para\/EBXEBDK6HNE23D3ZWUJO4J5M4A\/story\/\" target=\"_blank\" rel=\"noreferrer noopener\">https:\/\/www.nacion.com\/economia\/clave-fiscal-un-alivio-tributario-temporal-para\/EBXEBDK6HNE23D3ZWUJO4J5M4A\/story\/<\/a>\u00a0<\/p>","protected":false},"excerpt":{"rendered":"<p>El 30 de marzo del a\u00f1o en curso entr\u00f3 a regir la Ley de Alivio Temporal por Costos de Transportes Mar\u00edtimo para las Importaciones Nacionales, con el Fin de Mitigar la Crisis de los Contenedores (10.162). Como bien su nombre lo indica, esta norma lo que busca es mitigar, en parte, el impacto de las [&hellip;]<\/p>\n","protected":false},"author":1,"featured_media":7814,"comment_status":"open","ping_status":"open","sticky":false,"template":"","format":"standard","meta":{"footnotes":""},"categories":[11],"tags":[158,267,268,269,114,20,41],"class_list":["post-7813","post","type-post","status-publish","format-standard","has-post-thumbnail","hentry","category-noticias","tag-4pl","tag-4pl-costa-rica","tag-4pl-el-salvador","tag-4pl-guatemala","tag-costa-rica","tag-el-salvador","tag-guatemala"],"aioseo_notices":[],"_links":{"self":[{"href":"https:\/\/www.4plcr.net\/en\/wp-json\/wp\/v2\/posts\/7813","targetHints":{"allow":["GET"]}}],"collection":[{"href":"https:\/\/www.4plcr.net\/en\/wp-json\/wp\/v2\/posts"}],"about":[{"href":"https:\/\/www.4plcr.net\/en\/wp-json\/wp\/v2\/types\/post"}],"author":[{"embeddable":true,"href":"https:\/\/www.4plcr.net\/en\/wp-json\/wp\/v2\/users\/1"}],"replies":[{"embeddable":true,"href":"https:\/\/www.4plcr.net\/en\/wp-json\/wp\/v2\/comments?post=7813"}],"version-history":[{"count":0,"href":"https:\/\/www.4plcr.net\/en\/wp-json\/wp\/v2\/posts\/7813\/revisions"}],"wp:featuredmedia":[{"embeddable":true,"href":"https:\/\/www.4plcr.net\/en\/wp-json\/wp\/v2\/media\/7814"}],"wp:attachment":[{"href":"https:\/\/www.4plcr.net\/en\/wp-json\/wp\/v2\/media?parent=7813"}],"wp:term":[{"taxonomy":"category","embeddable":true,"href":"https:\/\/www.4plcr.net\/en\/wp-json\/wp\/v2\/categories?post=7813"},{"taxonomy":"post_tag","embeddable":true,"href":"https:\/\/www.4plcr.net\/en\/wp-json\/wp\/v2\/tags?post=7813"}],"curies":[{"name":"wp","href":"https:\/\/api.w.org\/{rel}","templated":true}]}}