{"id":7793,"date":"2022-03-31T12:02:58","date_gmt":"2022-03-31T18:02:58","guid":{"rendered":"https:\/\/www.4plcr.net\/?p=7793"},"modified":"2022-03-31T12:02:58","modified_gmt":"2022-03-31T18:02:58","slug":"exportadores-de-uva-de-mesa-de-chile-solicitan-priorizar-recaladas-de-buques-frigorificos-durante-estas-dos-semanas","status":"publish","type":"post","link":"https:\/\/www.4plcr.net\/en\/exportadores-de-uva-de-mesa-de-chile-solicitan-priorizar-recaladas-de-buques-frigorificos-durante-estas-dos-semanas\/","title":{"rendered":"Exportadores de uva de mesa de Chile solicitan priorizar recaladas de buques frigor\u00edficos durante estas dos semanas"},"content":{"rendered":"\n<p>La menor disponibilidad de naves para la exportaci\u00f3n de fruta fresca en el Puerto de Valpara\u00edso est\u00e1 generando problemas justo en el peak de la campa\u00f1a. El presidente de Fedefruta Jorge Valenzuela solicit\u00f3 que \u00abpor estas dos semanas nos den espacio para que los buques con c\u00e1mara refrigerada puedan trabajar con mayor frecuencia\u00bb y as\u00ed se pueda aumentar la dotaci\u00f3n de estibadores en estos d\u00edas, \u00aben los que nos encontramos en los \u00faltimos embarques previo a la medida para-arancelaria del marketing order en Estados Unidos\u201d.<\/p>\n\n\n\n<p>Valenzuela dijo que \u00abestamos hablando de un producto que es muy perecible, y esa misma perecibilidad dicta los tiempos cu\u00e1ndo debe cosecharse, embalarse, transportarse. Creemos que la fruta debe tener prioridad de embarque en estas semanas del a\u00f1o\u00bb. Asimismo, los productores esperan que el puerto de Valpara\u00edso, tanto TPS como TPV que son los operadores, \u00abse comprometan en las pr\u00f3ximas temporadas a brindar las condiciones para volver a la capacidad de embarque que requiere la exportaci\u00f3n de fruta\u00bb.<\/p>\n\n\n\n<p>En esta fecha, se deber\u00eda estar embarcando uva de mesa y carozos como los nectarines desde las zonas productivas centrales de las regiones de Valpara\u00edso, Metropolitana y O&#8217;Higgins, junto tambi\u00e9n con los \u00faltimos ar\u00e1ndanos de la temporada. \u00abSin embargo, si antes hab\u00eda espacio para trabajar con m\u00e1s de cuatro buques de c\u00e1mara a la semana para transportar la fruta a los Estados Unidos, ahora apenas contamos con dos\u00bb, comenta el presidente del gremio, Jorge Valenzuela, \u00ablo que est\u00e1 afectando de forma importante al grueso de los productores de uva de mesa, que dependen de estas semanas para salir con sus cajas al mercado norteamericano\u00bb.&nbsp;<\/p>\n\n\n\n<p>En lo que va del enero y febrero de este a\u00f1o, casi el 75% del volumen de uva de mesa chilena se ha destinado a Estados Unidos, seg\u00fan cifras de Oficina de Estudios y Pol\u00edticas Agrarias (Odepa), \u00aby ahora en marzo nos encontramos con la cosecha de esta fruta en la zona central, especialmente en la regi\u00f3n de O&#8217;Higgins [centro sur de Chile]\u201d, coment\u00f3 Valenzuela.<\/p>\n\n\n\n<p>A fines de enero tambi\u00e9n la situaci\u00f3n log\u00edstica se presentaba extremadamente compleja para las exportaciones de fruta fresca de Chile. Las razones se deb\u00edan a un conjunto de situaciones producidas por la pandemia, lo cual redund\u00f3 en alzas inexplicables y desproporcionadas en el costo de los fletes, congesti\u00f3n en los puertos; falta de estibadores, de contendedores refrigerados, de conductores y camiones refrigerados, entre otros factores, seg\u00fan apunt\u00f3 en ese entonces el presidente de la Asociaci\u00f3n de Exportadores de Fruta de Chile (Asoex), Ronald Bown.<\/p>\n\n\n\n<p><strong>Para m\u00e1s informaci\u00f3n:<\/strong> <a href=\"https:\/\/www.mundomaritimo.cl\/noticias\/exportadores-de-uva-de-mesa-de-chile-solicitan-priorizar-recaladas-de-buques-frigorificos-durante-estas-dos-semanas\" target=\"_blank\" rel=\"noreferrer noopener\">https:\/\/www.mundomaritimo.cl\/noticias\/exportadores-de-uva-de-mesa-de-chile-solicitan-priorizar-recaladas-de-buques-frigorificos-durante-estas-dos-semanas<\/a><\/p>\n","protected":false},"excerpt":{"rendered":"<p>La menor disponibilidad de naves para la exportaci\u00f3n de fruta fresca en el Puerto de Valpara\u00edso est\u00e1 generando problemas justo en el peak de la campa\u00f1a. El presidente de Fedefruta Jorge Valenzuela solicit\u00f3 que \u00abpor estas dos semanas nos den espacio para que los buques con c\u00e1mara refrigerada puedan trabajar con mayor frecuencia\u00bb y as\u00ed [&hellip;]<\/p>\n","protected":false},"author":1,"featured_media":7794,"comment_status":"open","ping_status":"open","sticky":false,"template":"","format":"standard","meta":{"footnotes":""},"categories":[11],"tags":[267,268,269,199,114,20,41,384,393],"class_list":["post-7793","post","type-post","status-publish","format-standard","has-post-thumbnail","hentry","category-noticias","tag-4pl-costa-rica","tag-4pl-el-salvador","tag-4pl-guatemala","tag-chile","tag-costa-rica","tag-el-salvador","tag-guatemala","tag-transporte-de-carga-refrigerada","tag-uvas"],"aioseo_notices":[],"_links":{"self":[{"href":"https:\/\/www.4plcr.net\/en\/wp-json\/wp\/v2\/posts\/7793","targetHints":{"allow":["GET"]}}],"collection":[{"href":"https:\/\/www.4plcr.net\/en\/wp-json\/wp\/v2\/posts"}],"about":[{"href":"https:\/\/www.4plcr.net\/en\/wp-json\/wp\/v2\/types\/post"}],"author":[{"embeddable":true,"href":"https:\/\/www.4plcr.net\/en\/wp-json\/wp\/v2\/users\/1"}],"replies":[{"embeddable":true,"href":"https:\/\/www.4plcr.net\/en\/wp-json\/wp\/v2\/comments?post=7793"}],"version-history":[{"count":0,"href":"https:\/\/www.4plcr.net\/en\/wp-json\/wp\/v2\/posts\/7793\/revisions"}],"wp:featuredmedia":[{"embeddable":true,"href":"https:\/\/www.4plcr.net\/en\/wp-json\/wp\/v2\/media\/7794"}],"wp:attachment":[{"href":"https:\/\/www.4plcr.net\/en\/wp-json\/wp\/v2\/media?parent=7793"}],"wp:term":[{"taxonomy":"category","embeddable":true,"href":"https:\/\/www.4plcr.net\/en\/wp-json\/wp\/v2\/categories?post=7793"},{"taxonomy":"post_tag","embeddable":true,"href":"https:\/\/www.4plcr.net\/en\/wp-json\/wp\/v2\/tags?post=7793"}],"curies":[{"name":"wp","href":"https:\/\/api.w.org\/{rel}","templated":true}]}}