{"id":7781,"date":"2022-03-25T08:17:15","date_gmt":"2022-03-25T14:17:15","guid":{"rendered":"https:\/\/www.4plcr.net\/?p=7781"},"modified":"2022-03-25T08:17:15","modified_gmt":"2022-03-25T14:17:15","slug":"comunidad-andina-aprueba-norma-para-hacer-frente-a-las-tarifas-de-los-fletes-maritimos-internacionales","status":"publish","type":"post","link":"https:\/\/www.4plcr.net\/en\/comunidad-andina-aprueba-norma-para-hacer-frente-a-las-tarifas-de-los-fletes-maritimos-internacionales\/","title":{"rendered":"Comunidad Andina aprueba norma para hacer frente a las tarifas de los fletes mar\u00edtimos internacionales"},"content":{"rendered":"<p>Frente al incremento de las tarifas de los fletes internacionales, la Comunidad Andina (CAN) aprob\u00f3 el 16 de marzo la norma que faculta a los Pa\u00edses Miembros: Bolivia, Colombia, Ecuador y Per\u00fa a reducir temporalmente un porcentaje de los gastos de transporte para la determinaci\u00f3n del valor en aduana. La decisi\u00f3n fue adoptada en el marco del Periodo 126 de sesiones ordinarias de la Comisi\u00f3n de la CAN presidida por el viceministro de Comercio Exterior de Ecuador como Presidencia Pro Tempore de la CAN, Daniel Legarda. Participaron los viceministros de Comercio de Bolivia, Benjam\u00edn Blanco; de Colombia, Andr\u00e9s C\u00e1rdenas, de Per\u00fa, Ana Cecilia Gervasi y el secretario general de la Comunidad Andina, Jorge Hernando Pedraza.<\/p>\n\n\n\n<p>\u00abCon esta norma se busca evitar que se generen sobrecostos a los productores y a su vez no se incremente el precio de los bienes finales al consumidor final, con lo cual se hace frente a la crisis actual que vive el sector de transporte internacional mar\u00edtimo de bienes y la disrupci\u00f3n de la cadena de suministro motivada entre otros, por la falta de buques en operaci\u00f3n, el cierre intermitente en puertos por el COVID-19, el congestionamiento de puertos y la escasez de contenedores\u00bb, explic\u00f3 el jefe del organismo.<\/p>\n\n\n\n<p>De acuerdo con la decisi\u00f3n, cada pa\u00eds podr\u00e1 aplicar temporalmente, para las subpartidas arancelarias que determine, la reducci\u00f3n de un porcentaje de los gastos de transporte y\/o gastos conexos, conforme lo establece la Decisi\u00f3n 571 \u00abValor en aduana de las mercanc\u00edas importadas\u00bb, asimismo, el pa\u00eds que adopte este mecanismo, debe comunicarlo a la Secretar\u00eda General de la CAN dentro de los 90 d\u00edas h\u00e1biles a partir de su entrada en vigencia, a fin de que sea puesta en conocimiento de los dem\u00e1s pa\u00edses.<\/p>\n\n\n\n<p>Asimismo, en la sesi\u00f3n se aprob\u00f3 la Decisi\u00f3n que permitir\u00e1 desarrollar dos proyectos en el marco del Fondo de Iniciativas Comunitarias (FIC), impulsado por la Secretar\u00eda General de la CAN: uno para la formaci\u00f3n de auditores en buenas pr\u00e1cticas de manufactura y otro para implementar un Centro Regional de Inteligencia Fitosanitaria Andina. De igual forma, en la reuni\u00f3n, el secretario general de la Comunidad Andina present\u00f3 el estado de avance de los temas relacionados al proceso de reactivaci\u00f3n econ\u00f3mica de la regi\u00f3n en tema referidos a la agenda agropecuaria andina, agenda digital andina, comercio electr\u00f3nico, cuarta revoluci\u00f3n industrial, propiedad intelectual, cadenas regionales de valor, el proyecto INTERCOM para facilitar el comercio, entre otros, lo cual fue destacado por los viceministros presentes en la sesi\u00f3n.<\/p>\n\n\n\n<p><strong>Para m\u00e1s informaci\u00f3n:<\/strong> <a href=\"https:\/\/www.mundomaritimo.cl\/noticias\/comunidad-andina-aprueba-norma-para-hacer-frente-a-las-tarifas-de-los-fletes-maritimos-internacionales\" target=\"_blank\" rel=\"noreferrer noopener\">https:\/\/www.mundomaritimo.cl\/noticias\/comunidad-andina-aprueba-norma-para-hacer-frente-a-las-tarifas-de-los-fletes-maritimos-internacionales<\/a>\u00a0<\/p>","protected":false},"excerpt":{"rendered":"<p>Frente al incremento de las tarifas de los fletes internacionales, la Comunidad Andina (CAN) aprob\u00f3 el 16 de marzo la norma que faculta a los Pa\u00edses Miembros: Bolivia, Colombia, Ecuador y Per\u00fa a reducir temporalmente un porcentaje de los gastos de transporte para la determinaci\u00f3n del valor en aduana. La decisi\u00f3n fue adoptada en el [&hellip;]<\/p>\n","protected":false},"author":1,"featured_media":7782,"comment_status":"open","ping_status":"open","sticky":false,"template":"","format":"standard","meta":{"footnotes":""},"categories":[11],"tags":[158,267,268,269,20,41],"class_list":["post-7781","post","type-post","status-publish","format-standard","has-post-thumbnail","hentry","category-noticias","tag-4pl","tag-4pl-costa-rica","tag-4pl-el-salvador","tag-4pl-guatemala","tag-el-salvador","tag-guatemala"],"aioseo_notices":[],"_links":{"self":[{"href":"https:\/\/www.4plcr.net\/en\/wp-json\/wp\/v2\/posts\/7781","targetHints":{"allow":["GET"]}}],"collection":[{"href":"https:\/\/www.4plcr.net\/en\/wp-json\/wp\/v2\/posts"}],"about":[{"href":"https:\/\/www.4plcr.net\/en\/wp-json\/wp\/v2\/types\/post"}],"author":[{"embeddable":true,"href":"https:\/\/www.4plcr.net\/en\/wp-json\/wp\/v2\/users\/1"}],"replies":[{"embeddable":true,"href":"https:\/\/www.4plcr.net\/en\/wp-json\/wp\/v2\/comments?post=7781"}],"version-history":[{"count":0,"href":"https:\/\/www.4plcr.net\/en\/wp-json\/wp\/v2\/posts\/7781\/revisions"}],"wp:featuredmedia":[{"embeddable":true,"href":"https:\/\/www.4plcr.net\/en\/wp-json\/wp\/v2\/media\/7782"}],"wp:attachment":[{"href":"https:\/\/www.4plcr.net\/en\/wp-json\/wp\/v2\/media?parent=7781"}],"wp:term":[{"taxonomy":"category","embeddable":true,"href":"https:\/\/www.4plcr.net\/en\/wp-json\/wp\/v2\/categories?post=7781"},{"taxonomy":"post_tag","embeddable":true,"href":"https:\/\/www.4plcr.net\/en\/wp-json\/wp\/v2\/tags?post=7781"}],"curies":[{"name":"wp","href":"https:\/\/api.w.org\/{rel}","templated":true}]}}