{"id":7775,"date":"2022-03-23T10:22:00","date_gmt":"2022-03-23T16:22:00","guid":{"rendered":"https:\/\/www.4plcr.net\/?p=7775"},"modified":"2022-03-23T10:22:00","modified_gmt":"2022-03-23T16:22:00","slug":"el-transporte-maritimo-debera-enfrentar-retos-ligado-a-cambios-tecnologicos-descarbonizacion-y-aumento-de-fletes-lo-antes-posible","status":"publish","type":"post","link":"https:\/\/www.4plcr.net\/en\/el-transporte-maritimo-debera-enfrentar-retos-ligado-a-cambios-tecnologicos-descarbonizacion-y-aumento-de-fletes-lo-antes-posible\/","title":{"rendered":"El transporte mar\u00edtimo deber\u00e1 enfrentar retos ligado a cambios tecnol\u00f3gicos, descarbonizaci\u00f3n y aumento de fletes lo antes posible"},"content":{"rendered":"<p>El Covid-19 y el alza de la demanda, entre otros factores, han llevado a una falta de capacidad de transporte, como resultado los fletes se mantienen al alza, y van a seguir subiendo, advierte el doctor en Econom\u00eda Jan Hoffmann, quien es jefe de la Divisi\u00f3n de Log\u00edstica Comercial en la UNCTAD (Conferencia de las Naciones Unidas sobre Comercio y Desarrollo), y que particip\u00f3 en el \u00faltimo coloquio del Propeller Club de Algeciras, report\u00f3 Europa Sur.<\/p>\n\n\n\n<p>En detalle, Hoffman destaca tres retos que deben enfrentar el transporte mar\u00edtimo. El primero, es la disrupci\u00f3n provocada por la pandemia del Covid-19 en muchos puertos, a la que se suma el crecimiento de la demanda. Pero tambi\u00e9n el hecho de que en el actual ciclo mar\u00edtimo se hayan construido pocos buques nuevos, que adem\u00e1s tienen cada vez mayor capacidad. O la progresiva reducci\u00f3n del n\u00famero de empresas en el sector y, por tanto, con una menor competencia.<\/p>\n\n\n\n<p>Tambi\u00e9n habr\u00e1 que sumar el proceso de descarbonizaci\u00f3n del transporte mar\u00edtimo que se est\u00e1 impulsando desde las organizaciones internacionales, apunta Hoffmann, \u201cpor el que los buques tendr\u00e1n que navegar m\u00e1s lento y por tanto tendremos necesidad de una mayor cantidad\u201d. Y un \u00faltimo factor ser\u00eda la invasi\u00f3n de Ucrania, que ha provocado una nueva subida de los alquileres de los contenedores.<\/p>\n\n\n\n<p>La falta de estos est\u00e1 provocando ya un efecto mensurable en la econom\u00eda mundial: seg\u00fan los c\u00e1lculos realizados por la UNCATD, una media del 1,5% de la inflaci\u00f3n global viene por el aumento de precio de los fletes, con los peque\u00f1os estados insulares en desarrollo como los m\u00e1s afectados (7,5%).<\/p>\n\n\n\n<p>Este es uno de los retos que el representante de \u00f3rgano de la ONU destaca en el futuro pr\u00f3ximo del transporte mar\u00edtimo. Otro ser\u00e1 hacer frente a los cambios tecnol\u00f3gicos, con un plan de acci\u00f3n elaborado por la UNCTAD para facilitar el comercio en tiempos de pandemia protegiendo al mismo tiempo a la poblaci\u00f3n del Covid-19.<\/p>\n\n\n\n<p>Y el gran desaf\u00edo, extensamente debatido en los \u00faltimos meses en el Campo de Gibraltar, es el de la descarbonizaci\u00f3n del transporte mar\u00edtimo, que el doctor insta a mirar como una oportunidad. Las emisiones globales del transporte mar\u00edtimo se han incrementado en la \u00faltima d\u00e9cada, aumentando tambi\u00e9n su peso en el total de emisiones del 2,76% en 2012 al 2,89% en 2018. Y volvieron a crecer en 2021, tras el par\u00f3n del primer a\u00f1o de pandemia.<br><strong>Para m\u00e1s informaci\u00f3n: <\/strong><a href=\"https:\/\/www.mundomaritimo.cl\/noticias\/el-transporte-maritimo-debera-enfrentar-retos-ligado-a-cambios-tecnologicos-descarbonizacion-y-aumento-de-fletes-lo-antes-posible\" target=\"_blank\" rel=\"noreferrer noopener\">https:\/\/www.mundomaritimo.cl\/noticias\/el-transporte-maritimo-debera-enfrentar-retos-ligado-a-cambios-tecnologicos-descarbonizacion-y-aumento-de-fletes-lo-antes-posible<\/a><\/p>","protected":false},"excerpt":{"rendered":"<p>El Covid-19 y el alza de la demanda, entre otros factores, han llevado a una falta de capacidad de transporte, como resultado los fletes se mantienen al alza, y van a seguir subiendo, advierte el doctor en Econom\u00eda Jan Hoffmann, quien es jefe de la Divisi\u00f3n de Log\u00edstica Comercial en la UNCTAD (Conferencia de las [&hellip;]<\/p>\n","protected":false},"author":1,"featured_media":7776,"comment_status":"open","ping_status":"open","sticky":false,"template":"","format":"standard","meta":{"footnotes":""},"categories":[11],"tags":[158,267,268,269,114,20,41],"class_list":["post-7775","post","type-post","status-publish","format-standard","has-post-thumbnail","hentry","category-noticias","tag-4pl","tag-4pl-costa-rica","tag-4pl-el-salvador","tag-4pl-guatemala","tag-costa-rica","tag-el-salvador","tag-guatemala"],"aioseo_notices":[],"_links":{"self":[{"href":"https:\/\/www.4plcr.net\/en\/wp-json\/wp\/v2\/posts\/7775","targetHints":{"allow":["GET"]}}],"collection":[{"href":"https:\/\/www.4plcr.net\/en\/wp-json\/wp\/v2\/posts"}],"about":[{"href":"https:\/\/www.4plcr.net\/en\/wp-json\/wp\/v2\/types\/post"}],"author":[{"embeddable":true,"href":"https:\/\/www.4plcr.net\/en\/wp-json\/wp\/v2\/users\/1"}],"replies":[{"embeddable":true,"href":"https:\/\/www.4plcr.net\/en\/wp-json\/wp\/v2\/comments?post=7775"}],"version-history":[{"count":0,"href":"https:\/\/www.4plcr.net\/en\/wp-json\/wp\/v2\/posts\/7775\/revisions"}],"wp:featuredmedia":[{"embeddable":true,"href":"https:\/\/www.4plcr.net\/en\/wp-json\/wp\/v2\/media\/7776"}],"wp:attachment":[{"href":"https:\/\/www.4plcr.net\/en\/wp-json\/wp\/v2\/media?parent=7775"}],"wp:term":[{"taxonomy":"category","embeddable":true,"href":"https:\/\/www.4plcr.net\/en\/wp-json\/wp\/v2\/categories?post=7775"},{"taxonomy":"post_tag","embeddable":true,"href":"https:\/\/www.4plcr.net\/en\/wp-json\/wp\/v2\/tags?post=7775"}],"curies":[{"name":"wp","href":"https:\/\/api.w.org\/{rel}","templated":true}]}}