{"id":7745,"date":"2022-03-16T12:18:46","date_gmt":"2022-03-16T18:18:46","guid":{"rendered":"https:\/\/www.4plcr.net\/?p=7745"},"modified":"2022-03-16T12:18:46","modified_gmt":"2022-03-16T18:18:46","slug":"pollo-huevos-y-cerdo-podrian-subir-de-precio-por-alto-costo-de-granos","status":"publish","type":"post","link":"https:\/\/www.4plcr.net\/en\/pollo-huevos-y-cerdo-podrian-subir-de-precio-por-alto-costo-de-granos\/","title":{"rendered":"Pollo, huevos y cerdo podr\u00edan subir de precio por alto costo de granos"},"content":{"rendered":"<p>El precio de los huevos, el pollo y la carne de cerdo que consumen los costarricenses podr\u00eda aumentar en el corto plazo, ante el incremento en el costo de las materias primas que se agrav\u00f3 por la guerra entre Ucrania y Rusia, tal y como ya lo adelantan los productores locales de dichos alimentos.<\/p>\n\n\n\n<p>La subida se dar\u00eda, principalmente, por tres factores: el alto valor internacional del ma\u00edz amarillo y la soya, los costos del petr\u00f3leo y el tipo de cambio que ha superado los \u00a2650 por d\u00f3lar en el Mercado de Monedas Extranjeras (Monex), en los \u00faltimos d\u00edas. El ma\u00edz y la soya son los dos insumos principales para la fabricaci\u00f3n de alimentos para las aves y otras especies pecuarias, as\u00ed como del cerdo, por lo que su comportamiento alcista impacta de manera directa a las actividades productivas.<\/p>\n\n\n\n<p>William Cardoza, director ejecutivo de Canavi, coment\u00f3 que no es posible determinar cu\u00e1nto y cu\u00e1ndo aumentar\u00e1n los productos av\u00edcolas, pues cada empresa deber\u00e1 calcular sus costos y definir el traslado al consumidor. Sin embargo, fue enf\u00e1tico en que el sector se encuentra bajo una \u201ctormenta perfecta\u201d pues las opciones para abastecerse de insumos para alimento a nivel local son casi nulas.<\/p>\n\n\n\n<p>\u201cEstamos amarrados de manos y no solo el sector agr\u00edcola, esto afecta a los lecheros, productores de cerdo y de carne si utilizan concentrado\u201d, coment\u00f3 Cardoza. Seg\u00fan explicaron desde la C\u00e1mara, satisfacer la necesidad de ma\u00edz en el mercado local no es posible, principalmente porque no es suficiente para cubrir la demanda y porque se trata de ma\u00edz blanco.<\/p>\n\n\n\n<p>Tanto Cardoza como Jos\u00e9 Luis Fern\u00e1ndez, empresario del sector av\u00edcola, comentaron que los altos precios de las materias primas vienen desde meses atr\u00e1s y empeoraron con el estallido de la guerra en Ucrania; ante esto, las empresas han absorbido parte del sobrecosto de las producciones de huevos, pero advirtieron de que se trata de una situaci\u00f3n insostenible.<\/p>\n\n\n\n<p>\u201cSi no sube el precio por oferta y demanda, muchos productores no van a poder soportar el aumento de los costos\u201d, dijo Fern\u00e1ndez. De acuerdo con el monitoreo que lleva la C\u00e1mara, en el \u00faltimo a\u00f1o m\u00e1s de 100 empresas productoras de huevo reportan cierres, principalmente por los costos elevados. Al comercio de huevos se une otro factor que afecta directamente a la oferta y el precio del producto: el contrabando.<\/p>\n\n\n\n<p><strong>Para m\u00e1s informaci\u00f3n: <\/strong><a href=\"https:\/\/www.nacion.com\/economia\/agro\/pollo-huevos-y-cerdo-podrian-subir-de-precio-por\/TMJ2SWIYRZBPBN77LKA5M4R34M\/story\/\" target=\"_blank\" rel=\"noreferrer noopener\">https:\/\/www.nacion.com\/economia\/agro\/pollo-huevos-y-cerdo-podrian-subir-de-precio-por\/TMJ2SWIYRZBPBN77LKA5M4R34M\/story\/<\/a>\u00a0<\/p>","protected":false},"excerpt":{"rendered":"<p>El precio de los huevos, el pollo y la carne de cerdo que consumen los costarricenses podr\u00eda aumentar en el corto plazo, ante el incremento en el costo de las materias primas que se agrav\u00f3 por la guerra entre Ucrania y Rusia, tal y como ya lo adelantan los productores locales de dichos alimentos. La [&hellip;]<\/p>\n","protected":false},"author":1,"featured_media":7746,"comment_status":"open","ping_status":"open","sticky":false,"template":"","format":"standard","meta":{"footnotes":""},"categories":[11],"tags":[158,267,268,269,114,20,41,123,384],"class_list":["post-7745","post","type-post","status-publish","format-standard","has-post-thumbnail","hentry","category-noticias","tag-4pl","tag-4pl-costa-rica","tag-4pl-el-salvador","tag-4pl-guatemala","tag-costa-rica","tag-el-salvador","tag-guatemala","tag-transporte-de-carga","tag-transporte-de-carga-refrigerada"],"aioseo_notices":[],"_links":{"self":[{"href":"https:\/\/www.4plcr.net\/en\/wp-json\/wp\/v2\/posts\/7745","targetHints":{"allow":["GET"]}}],"collection":[{"href":"https:\/\/www.4plcr.net\/en\/wp-json\/wp\/v2\/posts"}],"about":[{"href":"https:\/\/www.4plcr.net\/en\/wp-json\/wp\/v2\/types\/post"}],"author":[{"embeddable":true,"href":"https:\/\/www.4plcr.net\/en\/wp-json\/wp\/v2\/users\/1"}],"replies":[{"embeddable":true,"href":"https:\/\/www.4plcr.net\/en\/wp-json\/wp\/v2\/comments?post=7745"}],"version-history":[{"count":0,"href":"https:\/\/www.4plcr.net\/en\/wp-json\/wp\/v2\/posts\/7745\/revisions"}],"wp:featuredmedia":[{"embeddable":true,"href":"https:\/\/www.4plcr.net\/en\/wp-json\/wp\/v2\/media\/7746"}],"wp:attachment":[{"href":"https:\/\/www.4plcr.net\/en\/wp-json\/wp\/v2\/media?parent=7745"}],"wp:term":[{"taxonomy":"category","embeddable":true,"href":"https:\/\/www.4plcr.net\/en\/wp-json\/wp\/v2\/categories?post=7745"},{"taxonomy":"post_tag","embeddable":true,"href":"https:\/\/www.4plcr.net\/en\/wp-json\/wp\/v2\/tags?post=7745"}],"curies":[{"name":"wp","href":"https:\/\/api.w.org\/{rel}","templated":true}]}}