{"id":5737,"date":"2021-05-03T11:34:00","date_gmt":"2021-05-03T17:34:00","guid":{"rendered":"https:\/\/www.4plcr.net\/?p=5737"},"modified":"2021-05-03T11:34:00","modified_gmt":"2021-05-03T17:34:00","slug":"costa-rica-el-comercio-intrarregional-en-ca-comienza-a-recuperarse-tras-pandemia","status":"publish","type":"post","link":"https:\/\/www.4plcr.net\/en\/costa-rica-el-comercio-intrarregional-en-ca-comienza-a-recuperarse-tras-pandemia\/","title":{"rendered":"Costa Rica: El comercio intrarregional en CA comienza a recuperarse tras pandemia"},"content":{"rendered":"<p><em><strong>La SIECA tambi\u00e9n dio a conocer que se han atenuado los impactos de la pandemia en las exportaciones extrarregionales de Centroam\u00e9rica<\/strong><\/em><\/p>\n\n\n\n<p>La&nbsp;<strong>Secretar\u00eda General de Integraci\u00f3n Econ\u00f3mica Centroamericana (SIECA)&nbsp;<\/strong>inform\u00f3 que desde febrero de este a\u00f1o se recuperaron las&nbsp;<strong>declaraciones de tr\u00e1nsito terrestre intrarregionales<\/strong>&nbsp;tras las restricciones de la movilidad por la pandemia de COVID-19.<\/p>\n\n\n\n<p>La&nbsp;<strong>SIECA&nbsp;<\/strong>revel\u00f3 que durante el segundo mes del a\u00f1o en curso se contabilizaron 55, 027&nbsp;<strong>declaraciones de tr\u00e1nsito terrestre de mercanc\u00edas<\/strong>. Es decir, se super\u00f3 en 17% lo reportado en 2019 y 5% en 2020.<\/p>\n\n\n\n<p>La&nbsp;<strong>Secretar\u00eda<\/strong>&nbsp;puntualiz\u00f3 que, el&nbsp;<strong>tr\u00e1nsito terrestre&nbsp;<\/strong>entre enero y febrero de 2021 ha incrementado 1.9% en toda la regi\u00f3n con relaci\u00f3n al 2020.<\/p>\n\n\n\n<p><strong>Panam\u00e1<\/strong>&nbsp;sobresale con el mayor n\u00famero de&nbsp;<strong>declaraciones de tr\u00e1nsito de mercanc\u00edas&nbsp;<\/strong>con 9.8% en el mismo per\u00edodo, seguido de&nbsp;<strong>Costa Rica,<\/strong>&nbsp;con 7.8 por ciento.<\/p>\n\n\n\n<p>Asimismo, el impacto de la pandemia sobre las exportaciones centroamericanas se ha atenuado. Durante el tercer trimestre de 2020, el&nbsp;<strong>comercio de bienes&nbsp;<\/strong>de Centroam\u00e9rica creci\u00f3 0.1% respecto al mismo per\u00edodo en 2019.<\/p>\n\n\n\n<p>El resultado sugiere una recuperaci\u00f3n derivada del relajamiento de las restricciones de los flujos comerciales. Las importaciones totales registraron una contracci\u00f3n de -17.6% seg\u00fan las cifras del m\u00e1s reciente\u00a0<strong>Monitor de Comercio de Centroam\u00e9rica<\/strong>, elaborado por la\u00a0<strong>SIECA<\/strong>.<\/p>\n\n\n\n<p>\u201cSe ha mantenido el comercio intrarregional para el abastecimiento de los pa\u00edses, de alimentos y de insumos m\u00e9dicos y como medidas sanitarias se han aprobado los Lineamientos de Bioseguridad para el Transporte Terrestre de Carga Centroamericano\u201d, manifest\u00f3&nbsp;<strong>Vinicio Cerezo, secretario general del SICA.<\/strong><\/p>\n\n\n\n<h2 class=\"wp-block-heading\" id=\"h-comercio-extrarregional-durante-la-pandemia\"><strong>COMERCIO EXTRARREGIONAL DURANTE LA PANDEMIA<\/strong><\/h2>\n\n\n\n<p>Abril, mayo y junio de 2020 fueron los meses que m\u00e1s retos representaron para la regi\u00f3n durante la pandemia. Ante ello, la&nbsp;<strong>SIECA&nbsp;<\/strong>indic\u00f3 que las exportaciones totales de&nbsp;<strong>Centroam\u00e9rica<\/strong>&nbsp;ascendieron a 24,616.2 millones de d\u00f3lares al tercer trimestre de 2020, registrando una variaci\u00f3n de 0.1% respecto al valor exportado en el mismo periodo en 2019.<\/p>\n\n\n\n<p>Las&nbsp;<strong>exportaciones&nbsp;<\/strong>hacia Estados Unidos y la Uni\u00f3n Europea, reportaron tasas de crecimiento de 1.7% y 4.8% respectivamente. Mientras que, las exportaciones hacia Jap\u00f3n (30.7%), Corea del Sur (135.1%) y Arabia Saudita (63.0%) conservaron tasas de crecimiento positivas.<\/p>\n\n\n\n<p>Se prev\u00e9 que en los pr\u00f3ximos meses mejoren otros indicadores en la regi\u00f3n debido a un mayor dinamismo, planes de reactivaci\u00f3n econ\u00f3mica, el avance de los procesos de vacunaci\u00f3n y la disminuci\u00f3n gradual de las restricciones de movilidad.<\/p>","protected":false},"excerpt":{"rendered":"<p>La SIECA tambi\u00e9n dio a conocer que se han atenuado los impactos de la pandemia en las exportaciones extrarregionales de Centroam\u00e9rica La&nbsp;Secretar\u00eda General de Integraci\u00f3n Econ\u00f3mica Centroamericana (SIECA)&nbsp;inform\u00f3 que desde febrero de este a\u00f1o se recuperaron las&nbsp;declaraciones de tr\u00e1nsito terrestre intrarregionales&nbsp;tras las restricciones de la movilidad por la pandemia de COVID-19. La&nbsp;SIECA&nbsp;revel\u00f3 que durante el [&hellip;]<\/p>\n","protected":false},"author":1,"featured_media":5738,"comment_status":"open","ping_status":"open","sticky":false,"template":"","format":"standard","meta":{"footnotes":""},"categories":[1],"tags":[114,63,79,156,157],"class_list":["post-5737","post","type-post","status-publish","format-standard","has-post-thumbnail","hentry","category-uncategorized","tag-costa-rica","tag-exportaciones","tag-importaciones","tag-secretaria-general-de-integracion-economica-centroamericana","tag-sieca"],"aioseo_notices":[],"_links":{"self":[{"href":"https:\/\/www.4plcr.net\/en\/wp-json\/wp\/v2\/posts\/5737","targetHints":{"allow":["GET"]}}],"collection":[{"href":"https:\/\/www.4plcr.net\/en\/wp-json\/wp\/v2\/posts"}],"about":[{"href":"https:\/\/www.4plcr.net\/en\/wp-json\/wp\/v2\/types\/post"}],"author":[{"embeddable":true,"href":"https:\/\/www.4plcr.net\/en\/wp-json\/wp\/v2\/users\/1"}],"replies":[{"embeddable":true,"href":"https:\/\/www.4plcr.net\/en\/wp-json\/wp\/v2\/comments?post=5737"}],"version-history":[{"count":0,"href":"https:\/\/www.4plcr.net\/en\/wp-json\/wp\/v2\/posts\/5737\/revisions"}],"wp:featuredmedia":[{"embeddable":true,"href":"https:\/\/www.4plcr.net\/en\/wp-json\/wp\/v2\/media\/5738"}],"wp:attachment":[{"href":"https:\/\/www.4plcr.net\/en\/wp-json\/wp\/v2\/media?parent=5737"}],"wp:term":[{"taxonomy":"category","embeddable":true,"href":"https:\/\/www.4plcr.net\/en\/wp-json\/wp\/v2\/categories?post=5737"},{"taxonomy":"post_tag","embeddable":true,"href":"https:\/\/www.4plcr.net\/en\/wp-json\/wp\/v2\/tags?post=5737"}],"curies":[{"name":"wp","href":"https:\/\/api.w.org\/{rel}","templated":true}]}}