{"id":10758,"date":"2025-02-11T10:08:56","date_gmt":"2025-02-11T16:08:56","guid":{"rendered":"https:\/\/www.4plcr.net\/?p=10758"},"modified":"2025-02-11T10:20:08","modified_gmt":"2025-02-11T16:20:08","slug":"foro-economico-america-latina-y-el-caribe-2025-alianzas-para-el-crecimiento-sostenible","status":"publish","type":"post","link":"https:\/\/www.4plcr.net\/en\/foro-economico-america-latina-y-el-caribe-2025-alianzas-para-el-crecimiento-sostenible\/","title":{"rendered":"Latin America and the Caribbean Economic Forum 2025: Partnerships for Sustainable Growth"},"content":{"rendered":"<p data-start=\"208\" data-end=\"646\" class=\"translation-block\">Latin America and the Caribbean are at a turning point. In an increasingly interconnected and competitive world, the region faces urgent challenges: slowed economic growth, persistent inequality, environmental crises, and the need for greater technological innovation. In this context, the <a href=\"https:\/\/www.caf.com\/es\/especiales\/foro-economico-panama-2025\/\" target=\"_self\"><strong data-start=\"506\" data-end=\"556\">Latin America and the Caribbean Economic Forum 2025<\/strong><\/a> emerges as a key space for dialogue and the development of joint solutions.<\/p>\n<p data-start=\"648\" data-end=\"903\" class=\"translation-block\">Held in Panama City, this event brings together government leaders, businesspeople, academics, and representatives from international organizations with a single goal: <strong data-start=\"817\" data-end=\"900\">to create strategic alliances to drive the region's sustainable development<\/strong>.<\/p>\n<h2 data-start=\"905\" data-end=\"972\"><strong data-start=\"908\" data-end=\"970\">What is the Latin America and the Caribbean Economic Forum 2025?<\/strong><\/h2>\n<p data-start=\"974\" data-end=\"1381\" class=\"translation-block\">This forum is a high-level platform aimed at generating discussions about the economic future of Latin America and the Caribbean. Organized by <strong data-start=\"1121\" data-end=\"1180\">CAF \u2013 Development Bank of Latin America and the Caribbean<\/strong>, in partnership with the PRISA Group and World in Progress (WIP), the event has become a must-attend for those looking to transform the region through innovative and sustainable strategies.<\/p>\n<p data-start=\"1383\" data-end=\"1731\" class=\"translation-block\">Since its creation, the forum has served as a platform to discuss key topics such as investment in infrastructure, digitalization, economic integration, and the transition to clean energy. The 2025 edition has a special focus on <strong data-start=\"1619\" data-end=\"1728\">the creation of public-private partnerships and technological innovation as drivers of sustainable growth<\/strong>.<\/p>\n<h2 data-start=\"1733\" data-end=\"1795\"><strong data-start=\"1736\" data-end=\"1793\">Panama: Strategic Hub for Regional Growth<\/strong><\/h2>\n<p data-start=\"1797\" data-end=\"2074\">Panama is not only the host of the event, but also an example of development in Latin America. Its privileged geographic location, advanced infrastructure, and financial stability make it a strategic hub for global trade and foreign investment.<\/p>\n<p data-start=\"2076\" data-end=\"2448\" class=\"translation-block\">The country has consolidated its position as a <strong data-start=\"2119\" data-end=\"2165\">top-tier logistics and financial hub<\/strong>, with the Panama Canal at the heart of international trade and a growing services industry driving the regional economy. By choosing Panama as the venue for the forum, the organizers highlight its role in integrating and connecting Latin America with the rest of the world.<\/p>\n<h2 data-start=\"2450\" data-end=\"2517\"><strong data-start=\"2453\" data-end=\"2515\">The Economic Challenges of Latin America and the Caribbean in 2025<\/strong><\/h2>\n<p data-start=\"2519\" data-end=\"2750\">Despite its natural and cultural wealth, Latin America and the Caribbean face significant obstacles that limit their economic and social growth. Some of the most important challenges to be addressed at the forum include:<\/p>\n<h3 data-start=\"2752\" data-end=\"2796\">\ud83d\udcc9 <strong data-start=\"2759\" data-end=\"2794\">Stagnant Economic Growth<\/strong><\/h3>\n<p data-start=\"2797\" data-end=\"3035\">Regional GDP growth has been low in recent years, with an annual average around 1.6%. The lack of investments, political instability, and high dependence on commodities have hindered sustainable development.<\/p>\n<h3 data-start=\"3037\" data-end=\"3070\">\u2696 <strong data-start=\"3043\" data-end=\"3068\">Inequality and Poverty<\/strong><\/h3>\n<p data-start=\"3071\" data-end=\"3281\">Despite progress, the region remains one of the most unequal in the world. Labor informality, limited access to quality education, and gender gaps are barriers to progress.<\/p>\n<h3 data-start=\"3283\" data-end=\"3335\">\ud83c\udf0e <strong data-start=\"3290\" data-end=\"3333\">Environmental Challenges and Climate Change<\/strong><\/h3>\n<p data-start=\"3336\" data-end=\"3605\">The climate crisis severely affects Latin America and the Caribbean, a region rich in biodiversity but vulnerable to natural disasters. The forum will discuss how to boost the circular economy, reduce deforestation, and encourage investment in renewable energy.<\/p>\n<h3 data-start=\"3607\" data-end=\"3656\">\ud83d\ude80 <strong data-start=\"3614\" data-end=\"3654\">Digitalizaci\u00f3n y Acceso a Tecnolog\u00eda<\/strong><\/h3>\n<p data-start=\"3657\" data-end=\"3870\">La transformaci\u00f3n digital es clave para el desarrollo, pero muchas zonas a\u00fan carecen de infraestructura adecuada. La conectividad y la inclusi\u00f3n financiera a trav\u00e9s de tecnolog\u00eda ser\u00e1n ejes centrales del debate.<\/p>\n<h2 data-start=\"3872\" data-end=\"3940\"><strong data-start=\"3875\" data-end=\"3938\">The Keys to the Forum: Partnerships for Sustainable Development<\/strong><\/h2>\n<p data-start=\"3942\" data-end=\"4164\" class=\"translation-block\">To overcome these challenges, the <strong data-start=\"3974\" data-end=\"4024\">Latin America and the Caribbean Economic Forum 2025<\/strong> will place special emphasis on cooperation and the creation of new opportunities. Some of the most relevant areas to be discussed include:<\/p>\n<h3 data-start=\"4166\" data-end=\"4230\">\ud83d\udcbc <strong data-start=\"4173\" data-end=\"4228\">The Role of the Private Sector and Foreign Investment<\/strong><\/h3>\n<p data-start=\"4231\" data-end=\"4442\">Private investment is a key driver of growth. The forum is expected to serve as a space to attract foreign capital, strengthen local entrepreneurship, and promote sustainable business models.<\/p>\n<h3 data-start=\"4444\" data-end=\"4484\">\ud83d\udd2c <strong data-start=\"4451\" data-end=\"4482\">Innovation and Entrepreneurship<\/strong><\/h3>\n<p data-start=\"4485\" data-end=\"4725\">Las startups y la tecnolog\u00eda pueden cambiar la econom\u00eda de la regi\u00f3n. La inversi\u00f3n en educaci\u00f3n STEM (ciencia, tecnolog\u00eda, ingenier\u00eda y matem\u00e1ticas), inteligencia artificial y automatizaci\u00f3n ser\u00e1 fundamental para la competitividad global.<\/p>\n<h3 data-start=\"4727\" data-end=\"4781\">\ud83c\udf31 <strong data-start=\"4734\" data-end=\"4779\">Energy Transition and Circular Economy<\/strong><\/h3>\n<p data-start=\"4782\" data-end=\"5014\">Latin America is one of the regions with the highest potential for renewable energy. 62% of the electricity generated comes from clean sources, but the challenge is to increase efficiency and expand the adoption of green technologies.<\/p>\n<h3 data-start=\"5016\" data-end=\"5076\">\u2708 <strong data-start=\"5022\" data-end=\"5074\">Regional Integration and International Cooperation<\/strong><\/h3>\n<p data-start=\"5077\" data-end=\"5293\">Intra-regional trade remains low compared to other parts of the world. Improving infrastructure, integrating markets, and modernizing trade agreements will be part of the discussion.<\/p>\n<h2 data-start=\"5295\" data-end=\"5351\"><strong data-start=\"5298\" data-end=\"5349\">Leaders and Experts Who Make a Difference<\/strong><\/h2>\n<p data-start=\"5353\" data-end=\"5484\">This forum will feature key figures from the political, business, and academic worlds. Notable speakers include:<\/p>\n<ul data-start=\"5486\" data-end=\"5781\">\n<li data-start=\"5486\" data-end=\"5532\" class=\"translation-block\"><strong data-start=\"5488\" data-end=\"5508\">Jos\u00e9 Ra\u00fal Mulino<\/strong>, President of Panama<\/li>\n<li data-start=\"5533\" data-end=\"5578\" class=\"translation-block\"><strong data-start=\"5535\" data-end=\"5552\">Santiago Pe\u00f1a<\/strong>, President of Paraguay<\/li>\n<li data-start=\"5579\" data-end=\"5635\" class=\"translation-block\"><strong data-start=\"5581\" data-end=\"5600\">Rebeca Grynspan<\/strong>, Secretary-General of UNCTAD<\/li>\n<li data-start=\"5636\" data-end=\"5709\" class=\"translation-block\"><strong data-start=\"5638\" data-end=\"5654\">Rachel Adams<\/strong>, Expert in Artificial Intelligence Governance<\/li>\n<li data-start=\"5710\" data-end=\"5781\" class=\"translation-block\"><strong data-start=\"5712\" data-end=\"5729\">Jeremy Rifkin<\/strong>, Economist and Specialist in Sustainable Economy<\/li>\n<\/ul>\n<p data-start=\"5783\" data-end=\"5930\">These and other leaders will share their vision on how Latin America and the Caribbean can accelerate their growth in a constantly changing world.<\/p>\n<h2 data-start=\"5932\" data-end=\"5999\"><strong data-start=\"5935\" data-end=\"5997\">Impact and Expectations: What Can Change for the Region?<\/strong><\/h2>\n<p data-start=\"6001\" data-end=\"6162\">The agreements and commitments that arise from the forum could define the region's economic path in the coming years. Key expectations include:<\/p>\n<p data-start=\"6164\" data-end=\"6539\" class=\"translation-block\">\u2705 <strong data-start=\"6166\" data-end=\"6247\">Greater access to financing for infrastructure and technology projects.<\/strong><br data-start=\"6247\" data-end=\"6250\">\u2705 <strong data-start=\"6252\" data-end=\"6344\">Concrete initiatives to reduce the carbon footprint and promote the circular economy.<\/strong><br data-start=\"6344\" data-end=\"6347\">\u2705 <strong data-start=\"6349\" data-end=\"6439\">New policies to strengthen foreign investment and intra-regional trade.<\/strong><br data-start=\"6439\" data-end=\"6442\">\u2705 <strong data-start=\"6444\" data-end=\"6537\">Greater digitization of public and private services to improve competitiveness.<\/strong><\/p>\n<p data-start=\"6541\" data-end=\"6662\">The challenge is not just to discuss, but to translate ideas into concrete actions that benefit society as a whole.<\/p>\n<h2 data-start=\"6664\" data-end=\"6683\"><strong data-start=\"6667\" data-end=\"6681\">Conclusion<\/strong><\/h2>\n<p data-start=\"6685\" data-end=\"6976\" class=\"translation-block\">The <strong data-start=\"6688\" data-end=\"6738\">Latin America and the Caribbean Economic Forum 2025<\/strong> is more than an event: it is an opportunity to change the region's course. The decisions made in Panama could mark a turning point in the integration, growth, and sustainability of Latin America and the Caribbean.<\/p>\n<p data-start=\"6978\" data-end=\"7185\">Strategic partnerships, investment in innovation, and international cooperation will be key for the region to overcome its challenges and capitalize on its enormous potential. Now is the time to act. \ud83c\udf0e\ud83d\udca1<\/p>\n<p><a href=\"https:\/\/www.4plcr.net\/en\/noticias\/\">See more news<\/a><\/p>\n<p>&nbsp;<\/p>","protected":false},"excerpt":{"rendered":"<p>Am\u00e9rica Latina y el Caribe est\u00e1n en un punto de inflexi\u00f3n. En un mundo cada vez m\u00e1s interconectado y competitivo, la regi\u00f3n enfrenta desaf\u00edos urgentes: crecimiento econ\u00f3mico ralentizado, desigualdad persistente, crisis ambiental y la necesidad de mayor innovaci\u00f3n tecnol\u00f3gica. En este contexto, el Foro Econ\u00f3mico Am\u00e9rica Latina y el Caribe 2025 emerge como un espacio [&hellip;]<\/p>\n","protected":false},"author":1,"featured_media":10759,"comment_status":"open","ping_status":"closed","sticky":false,"template":"","format":"standard","meta":{"footnotes":""},"categories":[11],"tags":[],"class_list":["post-10758","post","type-post","status-publish","format-standard","has-post-thumbnail","hentry","category-noticias"],"aioseo_notices":[],"_links":{"self":[{"href":"https:\/\/www.4plcr.net\/en\/wp-json\/wp\/v2\/posts\/10758","targetHints":{"allow":["GET"]}}],"collection":[{"href":"https:\/\/www.4plcr.net\/en\/wp-json\/wp\/v2\/posts"}],"about":[{"href":"https:\/\/www.4plcr.net\/en\/wp-json\/wp\/v2\/types\/post"}],"author":[{"embeddable":true,"href":"https:\/\/www.4plcr.net\/en\/wp-json\/wp\/v2\/users\/1"}],"replies":[{"embeddable":true,"href":"https:\/\/www.4plcr.net\/en\/wp-json\/wp\/v2\/comments?post=10758"}],"version-history":[{"count":1,"href":"https:\/\/www.4plcr.net\/en\/wp-json\/wp\/v2\/posts\/10758\/revisions"}],"predecessor-version":[{"id":10760,"href":"https:\/\/www.4plcr.net\/en\/wp-json\/wp\/v2\/posts\/10758\/revisions\/10760"}],"wp:featuredmedia":[{"embeddable":true,"href":"https:\/\/www.4plcr.net\/en\/wp-json\/wp\/v2\/media\/10759"}],"wp:attachment":[{"href":"https:\/\/www.4plcr.net\/en\/wp-json\/wp\/v2\/media?parent=10758"}],"wp:term":[{"taxonomy":"category","embeddable":true,"href":"https:\/\/www.4plcr.net\/en\/wp-json\/wp\/v2\/categories?post=10758"},{"taxonomy":"post_tag","embeddable":true,"href":"https:\/\/www.4plcr.net\/en\/wp-json\/wp\/v2\/tags?post=10758"}],"curies":[{"name":"wp","href":"https:\/\/api.w.org\/{rel}","templated":true}]}}