{"id":10008,"date":"2024-04-10T17:18:11","date_gmt":"2024-04-10T23:18:11","guid":{"rendered":"https:\/\/www.4plcr.net\/?p=10008"},"modified":"2024-04-10T17:18:11","modified_gmt":"2024-04-10T23:18:11","slug":"canal-de-panama-limitara-reservas-para-esclusas-panamax-en-mayo-2","status":"publish","type":"post","link":"https:\/\/www.4plcr.net\/en\/canal-de-panama-limitara-reservas-para-esclusas-panamax-en-mayo-2\/","title":{"rendered":"Canal de Panam\u00e1 limitar\u00e1 reservas para esclusas Panamax en mayo"},"content":{"rendered":"<p>Durante una semana, del martes 7 al martes 14 de mayo, se llevar\u00e1 a cabo un mantenimiento de c\u00e1mara seca en el Carril Oeste de las Esclusas de Gat\u00fan, ubicadas en el Canal de Panam\u00e1. Durante este per\u00edodo, el Carril Este permanecer\u00e1 operativo, aunque los tr\u00e1nsitos podr\u00edan experimentar demoras adicionales. Adem\u00e1s, del 11 al 12 del mismo mes, el Carril Este de las Esclusas de Miraflores tambi\u00e9n estar\u00e1 cerrado por trabajos de mantenimiento.<\/p>\n\n\n\n<p>Como resultado de estas labores, el n\u00famero de reservas disponibles para las esclusas Panamax se reducir\u00e1 a 17 entre el 7 y el 14 de mayo de 2024.<\/p>\n\n\n\n<p>Una vez finalizados los trabajos de mantenimiento, y considerando posibles retrasos de hasta 24 horas, se restablecer\u00e1 el total de 20 reservas para las esclusas Panamax a partir del 16 de mayo de 2024.<\/p>","protected":false},"excerpt":{"rendered":"<p>Durante una semana, del martes 7 al martes 14 de mayo, se llevar\u00e1 a cabo un mantenimiento de c\u00e1mara seca en el Carril Oeste de las Esclusas de Gat\u00fan, ubicadas en el Canal de Panam\u00e1. Durante este per\u00edodo, el Carril Este permanecer\u00e1 operativo, aunque los tr\u00e1nsitos podr\u00edan experimentar demoras adicionales. Adem\u00e1s, del 11 al 12 [&hellip;]<\/p>\n","protected":false},"author":1,"featured_media":9828,"comment_status":"open","ping_status":"open","sticky":false,"template":"","format":"standard","meta":{"footnotes":""},"categories":[11],"tags":[158,267,268,269,114,20,41,123],"class_list":["post-10008","post","type-post","status-publish","format-standard","has-post-thumbnail","hentry","category-noticias","tag-4pl","tag-4pl-costa-rica","tag-4pl-el-salvador","tag-4pl-guatemala","tag-costa-rica","tag-el-salvador","tag-guatemala","tag-transporte-de-carga"],"aioseo_notices":[],"_links":{"self":[{"href":"https:\/\/www.4plcr.net\/en\/wp-json\/wp\/v2\/posts\/10008","targetHints":{"allow":["GET"]}}],"collection":[{"href":"https:\/\/www.4plcr.net\/en\/wp-json\/wp\/v2\/posts"}],"about":[{"href":"https:\/\/www.4plcr.net\/en\/wp-json\/wp\/v2\/types\/post"}],"author":[{"embeddable":true,"href":"https:\/\/www.4plcr.net\/en\/wp-json\/wp\/v2\/users\/1"}],"replies":[{"embeddable":true,"href":"https:\/\/www.4plcr.net\/en\/wp-json\/wp\/v2\/comments?post=10008"}],"version-history":[{"count":0,"href":"https:\/\/www.4plcr.net\/en\/wp-json\/wp\/v2\/posts\/10008\/revisions"}],"wp:featuredmedia":[{"embeddable":true,"href":"https:\/\/www.4plcr.net\/en\/wp-json\/wp\/v2\/media\/9828"}],"wp:attachment":[{"href":"https:\/\/www.4plcr.net\/en\/wp-json\/wp\/v2\/media?parent=10008"}],"wp:term":[{"taxonomy":"category","embeddable":true,"href":"https:\/\/www.4plcr.net\/en\/wp-json\/wp\/v2\/categories?post=10008"},{"taxonomy":"post_tag","embeddable":true,"href":"https:\/\/www.4plcr.net\/en\/wp-json\/wp\/v2\/tags?post=10008"}],"curies":[{"name":"wp","href":"https:\/\/api.w.org\/{rel}","templated":true}]}}